
{"id":42250,"date":"2014-09-22T14:31:35","date_gmt":"2014-09-22T17:31:35","guid":{"rendered":"http:\/\/www.sudoestehoje.com.br\/novoportal\/?p=42250"},"modified":"2014-09-22T14:31:35","modified_gmt":"2014-09-22T17:31:35","slug":"heraldo-rocha-critica-ze-carlos-por-desemprego-em-itapetinga","status":"publish","type":"post","link":"https:\/\/www.sudoestehoje.com.br\/novoportal\/2014\/09\/22\/heraldo-rocha-critica-ze-carlos-por-desemprego-em-itapetinga\/","title":{"rendered":"HERALDO ROCHA CRITICA Z\u00c9 CARLOS POR DESEMPREGO EM ITAPETINGA"},"content":{"rendered":"<p class=\"yiv8391535888MsoNormal\" style=\"color: #000000;\"><a href=\"http:\/\/www.sudoestehoje.com.br\/novoportal\/wp-content\/uploads\/2014\/09\/heraldo-na-azaleia1.jpg\"><img loading=\"lazy\" decoding=\"async\" class=\"wp-image-42251 alignleft\" src=\"http:\/\/www.sudoestehoje.com.br\/novoportal\/wp-content\/uploads\/2014\/09\/heraldo-na-azaleia1-366x500.jpg\" alt=\"heraldo-na-azaleia\" width=\"243\" height=\"332\" srcset=\"https:\/\/www.sudoestehoje.com.br\/novoportal\/wp-content\/uploads\/2014\/09\/heraldo-na-azaleia1-366x500.jpg 366w, https:\/\/www.sudoestehoje.com.br\/novoportal\/wp-content\/uploads\/2014\/09\/heraldo-na-azaleia1-512x700.jpg 512w, https:\/\/www.sudoestehoje.com.br\/novoportal\/wp-content\/uploads\/2014\/09\/heraldo-na-azaleia1.jpg 703w\" sizes=\"auto, (max-width: 243px) 100vw, 243px\" \/><\/a><\/p>\n<p id=\"yui_3_16_0_1_1411406239187_6427\" class=\"yiv8391535888MsoNormal\" style=\"color: #000000;\"><span id=\"yui_3_16_0_1_1411406239187_6426\">\u201cO caos que vive Itapetinga parece que n\u00e3o preocupa o prefeito petista Z\u00e9 Carlos\u201d, esta foi a rea\u00e7\u00e3o do presidente do DEM Municipal Heraldo Rocha, que \u00e9 candidato a Deputado Estadual,\u00a0 ao tomar conhecimento de um release distribu\u00eddo pela assessoria da Prefeitura comentando o n\u00famero de desemprego gerado na regi\u00e3o ap\u00f3s o fechamento de v\u00e1rias unidades do polo cal\u00e7adista da Azal\u00e9ia.<\/span><\/p>\n<p id=\"yui_3_16_0_1_1411406239187_6430\" class=\"yiv8391535888MsoNormal\" style=\"color: #000000;\"><span id=\"yui_3_16_0_1_1411406239187_6429\">\u201cEle diz que a Azal\u00e9ia gera 5 mil empregos, mas esqueceu de dizer que quando a f\u00e1brica chegou a Itapetinga,\u00a0no Governo Paulo Souto,\u00a0\u00a0eram 25 mil empregos. Hoje toda popula\u00e7\u00e3o do munic\u00edpio sofre com a onda de desemprego. O com\u00e9rcio tamb\u00e9m est\u00e1 em crise, n\u00e3o vende nada porque como o povo n\u00e3o tem dinheiro, ningu\u00e9m compra\u201d.<\/span><\/p>\n<p id=\"yui_3_16_0_1_1411406239187_6432\" class=\"yiv8391535888MsoNormal\" style=\"color: #000000;\"><span id=\"yui_3_16_0_1_1411406239187_6431\">Ali\u00e1s, prossegue Heraldo Rocha, &#8220;estive em Itapetinga neste final de semana e fui procurado por v\u00e1rias pessoas reclamando que os pais de fam\u00edlia est\u00e3o tendo de viajar para Minas, S\u00e3o Paulo e Esp\u00edrito Santo porque o desemprego \u00e9 grande. Al\u00e9m disso, a Prefeitura est\u00e1 tamb\u00e9m sem pagar aos funcion\u00e1rios terceirizados aumentando mais ainda a crise no com\u00e9rcio e tem gente at\u00e9 tomando empr\u00e9stimos nas m\u00e3os de agiotas&#8221;, concluiu o candidato democrata.<\/span><\/p>\n","protected":false},"excerpt":{"rendered":"<p>\u201cO caos que vive Itapetinga parece que n\u00e3o preocupa o prefeito petista Z\u00e9 Carlos\u201d, esta foi a rea\u00e7\u00e3o do presidente do DEM Municipal Heraldo Rocha, que \u00e9 candidato a Deputado Estadual,\u00a0 ao tomar conhecimento de um release distribu\u00eddo pela assessoria da Prefeitura comentando o n\u00famero de desemprego gerado na regi\u00e3o ap\u00f3s o fechamento de v\u00e1rias [&hellip;]<\/p>\n","protected":false},"author":2,"featured_media":0,"comment_status":"open","ping_status":"open","sticky":false,"template":"","format":"standard","meta":{"footnotes":"","_links_to":"","_links_to_target":""},"categories":[1],"tags":[],"class_list":["post-42250","post","type-post","status-publish","format-standard","hentry","category-geral"],"views":1232,"_links":{"self":[{"href":"https:\/\/www.sudoestehoje.com.br\/novoportal\/wp-json\/wp\/v2\/posts\/42250","targetHints":{"allow":["GET"]}}],"collection":[{"href":"https:\/\/www.sudoestehoje.com.br\/novoportal\/wp-json\/wp\/v2\/posts"}],"about":[{"href":"https:\/\/www.sudoestehoje.com.br\/novoportal\/wp-json\/wp\/v2\/types\/post"}],"author":[{"embeddable":true,"href":"https:\/\/www.sudoestehoje.com.br\/novoportal\/wp-json\/wp\/v2\/users\/2"}],"replies":[{"embeddable":true,"href":"https:\/\/www.sudoestehoje.com.br\/novoportal\/wp-json\/wp\/v2\/comments?post=42250"}],"version-history":[{"count":1,"href":"https:\/\/www.sudoestehoje.com.br\/novoportal\/wp-json\/wp\/v2\/posts\/42250\/revisions"}],"predecessor-version":[{"id":42252,"href":"https:\/\/www.sudoestehoje.com.br\/novoportal\/wp-json\/wp\/v2\/posts\/42250\/revisions\/42252"}],"wp:attachment":[{"href":"https:\/\/www.sudoestehoje.com.br\/novoportal\/wp-json\/wp\/v2\/media?parent=42250"}],"wp:term":[{"taxonomy":"category","embeddable":true,"href":"https:\/\/www.sudoestehoje.com.br\/novoportal\/wp-json\/wp\/v2\/categories?post=42250"},{"taxonomy":"post_tag","embeddable":true,"href":"https:\/\/www.sudoestehoje.com.br\/novoportal\/wp-json\/wp\/v2\/tags?post=42250"}],"curies":[{"name":"wp","href":"https:\/\/api.w.org\/{rel}","templated":true}]}}