
{"id":42244,"date":"2014-09-22T13:29:44","date_gmt":"2014-09-22T16:29:44","guid":{"rendered":"http:\/\/www.sudoestehoje.com.br\/novoportal\/?p=42244"},"modified":"2014-09-22T14:11:45","modified_gmt":"2014-09-22T17:11:45","slug":"nota-de-esclarecimento-do-senador-walter-pinheiro","status":"publish","type":"post","link":"https:\/\/www.sudoestehoje.com.br\/novoportal\/2014\/09\/22\/nota-de-esclarecimento-do-senador-walter-pinheiro\/","title":{"rendered":"NOTA DE ESCLARECIMENTO DO SENADOR WALTER PINHEIRO"},"content":{"rendered":"<p><a href=\"http:\/\/www.sudoestehoje.com.br\/novoportal\/wp-content\/uploads\/2014\/09\/walter-pinheiro.jpg\"><img loading=\"lazy\" decoding=\"async\" class=\"aligncenter size-medium wp-image-42247\" src=\"http:\/\/www.sudoestehoje.com.br\/novoportal\/wp-content\/uploads\/2014\/09\/walter-pinheiro-500x336.jpg\" alt=\"walter-pinheiro\" width=\"500\" height=\"336\" srcset=\"https:\/\/www.sudoestehoje.com.br\/novoportal\/wp-content\/uploads\/2014\/09\/walter-pinheiro-500x336.jpg 500w, https:\/\/www.sudoestehoje.com.br\/novoportal\/wp-content\/uploads\/2014\/09\/walter-pinheiro.jpg 550w\" sizes=\"auto, (max-width: 500px) 100vw, 500px\" \/><\/a><\/p>\n<p>A respeito da mat\u00e9ria publicada neste e em outros blogs, com o t\u00edtulo <a id=\"yui_3_16_0_1_1411401206349_10108\" style=\"color: #196ad4;\" href=\"http:\/\/www.sudoestehoje.com.br\/novoportal\/2014\/09\/20\/senador-walter-pinheiro-culpa-pt-por-envolver-seu-nome-em-escandalo\/\" target=\"_blank\" rel=\"nofollow\">WALTER PINHEIRO CULPA PT POR ENVOLVER SEU NOME EM ESC\u00c2NDALO<\/a>, o senador petista encaminhou Nota de Esclarecimento ao Sudoeste Hoje, que agora divulgamos na \u00edntegra. Confira a nota do senador:<\/p>\n<div id=\"yui_3_16_0_1_1411401206349_10043\" dir=\"ltr\" style=\"color: #000000;\">\n<p><em>&#8220;NOTA DE ESCLARECIMENTO-O senador Walter Pinheiro (PT\/BA) classificou de levianas todas as declara\u00e7\u00f5es da ex-presidente do Instituto Brasil de Preserva\u00e7\u00e3o Ambiental, Dalva Sele Paiva, publicada na Revista Veja, e j\u00e1 prepara a\u00e7\u00e3o contra a publica\u00e7\u00e3o e Dalva. A mat\u00e9ria do site da Veja foi uma interpreta\u00e7\u00e3o do rep\u00f3rter da revista, publicada fora do contexto do di\u00e1logo estabelecido, e parcialmente reproduzido por este site.\u00a0<\/em><\/p>\n<p><em>Em nenhum momento, Pinheiro culpa o partido, mas uma &#8216;pessoa se dizendo ser do PT&#8217;:\u00a0&#8220;Em sete campanhas que fiz jamais conheci e tive contato com essa pessoa. Se ela declara ter\u00a0 rela\u00e7\u00f5es com o partido ou pessoas pr\u00f3ximas, n\u00e3o eram comigo e, assim, ela n\u00e3o pode promover um monte de inj\u00faria com meu nome. Por isso, tanto a revista, por ter afirmado e aceito as declara\u00e7\u00f5es dela como verdade, como essa senhora (Dalva), dever\u00e3o responder na justi\u00e7a com processo que j\u00e1 est\u00e1 sendo providenciado por meus advogados\u201d, reafirmou.<\/em><\/p>\n<p><em>Pinheiro destacou ainda que toda a arrecada\u00e7\u00e3o e gastos das campanhas est\u00e3o devidamente declarados na Justi\u00e7a. \u201cTudo que esteve sob nossa responsabilidade na campanha consta na nossa presta\u00e7\u00e3o de contas,\u201d ressaltou.\u00a0\u00a0\u201cSe houve algum tipo de movimenta\u00e7\u00e3o de dinheiro, n\u00e3o tem nenhuma vincula\u00e7\u00e3o com a campanha,\u201d reiterou.\u00a0O senador lembrou que, no passado, o Minist\u00e9rio P\u00fablico da Bahia (MP-BA) \u00a0denunciou \u00e0 Justi\u00e7a o Instituto \u00a0e, em nenhum momento do processo,\u00a0 h\u00e1 qualquer cita\u00e7\u00e3o dele.\u00a0Pinheiro destaca ainda que al\u00e9m de vazias, as declara\u00e7\u00f5es publicadas atendem claramente a interesses eleitoreiros, uma vez que foi iniciada na reta final da campanha para as elei\u00e7\u00f5es.\u00a0\u201cTem uma a\u00e7\u00e3o no MP correndo e em nenhum momento ela cita qualquer den\u00fancia contra minha pessoa. Por que isso ocorre agora de forma leviana?, &#8221; questionou.<\/em><\/p>\n<p><em>\u201cEla n\u00e3o pode em nome das rela\u00e7\u00f5es dela com o passado, das quais nunca participei, promover inj\u00farias contra a minha pessoa e familiares. \u00c9 revoltante!,\u201d reiterou. \u00a0Assessoria de Imprensa Senador Walter Pinheiro &#8211; Gabriel Carvalho (71) 8860-1300 &#8211; Malu Alvarez (61) 9692-2226.&#8221;<\/em><\/p>\n<p id=\"yui_3_16_0_1_1411401206349_10117\" class=\"yiv0567619532msonormal\">\n<\/div>\n","protected":false},"excerpt":{"rendered":"<p>A respeito da mat\u00e9ria publicada neste e em outros blogs, com o t\u00edtulo WALTER PINHEIRO CULPA PT POR ENVOLVER SEU NOME EM ESC\u00c2NDALO, o senador petista encaminhou Nota de Esclarecimento ao Sudoeste Hoje, que agora divulgamos na \u00edntegra. Confira a nota do senador: &#8220;NOTA DE ESCLARECIMENTO-O senador Walter Pinheiro (PT\/BA) classificou de levianas todas as [&hellip;]<\/p>\n","protected":false},"author":2,"featured_media":0,"comment_status":"open","ping_status":"open","sticky":false,"template":"","format":"standard","meta":{"footnotes":"","_links_to":"","_links_to_target":""},"categories":[1],"tags":[],"class_list":["post-42244","post","type-post","status-publish","format-standard","hentry","category-geral"],"views":1716,"_links":{"self":[{"href":"https:\/\/www.sudoestehoje.com.br\/novoportal\/wp-json\/wp\/v2\/posts\/42244","targetHints":{"allow":["GET"]}}],"collection":[{"href":"https:\/\/www.sudoestehoje.com.br\/novoportal\/wp-json\/wp\/v2\/posts"}],"about":[{"href":"https:\/\/www.sudoestehoje.com.br\/novoportal\/wp-json\/wp\/v2\/types\/post"}],"author":[{"embeddable":true,"href":"https:\/\/www.sudoestehoje.com.br\/novoportal\/wp-json\/wp\/v2\/users\/2"}],"replies":[{"embeddable":true,"href":"https:\/\/www.sudoestehoje.com.br\/novoportal\/wp-json\/wp\/v2\/comments?post=42244"}],"version-history":[{"count":4,"href":"https:\/\/www.sudoestehoje.com.br\/novoportal\/wp-json\/wp\/v2\/posts\/42244\/revisions"}],"predecessor-version":[{"id":42249,"href":"https:\/\/www.sudoestehoje.com.br\/novoportal\/wp-json\/wp\/v2\/posts\/42244\/revisions\/42249"}],"wp:attachment":[{"href":"https:\/\/www.sudoestehoje.com.br\/novoportal\/wp-json\/wp\/v2\/media?parent=42244"}],"wp:term":[{"taxonomy":"category","embeddable":true,"href":"https:\/\/www.sudoestehoje.com.br\/novoportal\/wp-json\/wp\/v2\/categories?post=42244"},{"taxonomy":"post_tag","embeddable":true,"href":"https:\/\/www.sudoestehoje.com.br\/novoportal\/wp-json\/wp\/v2\/tags?post=42244"}],"curies":[{"name":"wp","href":"https:\/\/api.w.org\/{rel}","templated":true}]}}