
{"id":42226,"date":"2014-09-22T00:36:47","date_gmt":"2014-09-22T03:36:47","guid":{"rendered":"http:\/\/www.sudoestehoje.com.br\/novoportal\/?p=42226"},"modified":"2014-09-22T00:38:03","modified_gmt":"2014-09-22T03:38:03","slug":"ibicui-marcos-galvao-mostra-forca-em-comicio-para-davidson-e-timoteo","status":"publish","type":"post","link":"https:\/\/www.sudoestehoje.com.br\/novoportal\/2014\/09\/22\/ibicui-marcos-galvao-mostra-forca-em-comicio-para-davidson-e-timoteo\/","title":{"rendered":"IBICU\u00cd: MARCOS GALV\u00c3O MOSTRA FOR\u00c7A EM COM\u00cdCIO PARA DAVIDSON E TIM\u00d3TEO"},"content":{"rendered":"<p><a href=\"http:\/\/www.sudoestehoje.com.br\/novoportal\/wp-content\/uploads\/2014\/09\/comicio-ibicui-2.jpg\"><img loading=\"lazy\" decoding=\"async\" class=\"aligncenter size-medium wp-image-42228\" src=\"http:\/\/www.sudoestehoje.com.br\/novoportal\/wp-content\/uploads\/2014\/09\/comicio-ibicui-2-500x375.jpg\" alt=\"comicio ibicui 2\" width=\"500\" height=\"375\" srcset=\"https:\/\/www.sudoestehoje.com.br\/novoportal\/wp-content\/uploads\/2014\/09\/comicio-ibicui-2-500x375.jpg 500w, https:\/\/www.sudoestehoje.com.br\/novoportal\/wp-content\/uploads\/2014\/09\/comicio-ibicui-2-700x525.jpg 700w, https:\/\/www.sudoestehoje.com.br\/novoportal\/wp-content\/uploads\/2014\/09\/comicio-ibicui-2.jpg 960w\" sizes=\"auto, (max-width: 500px) 100vw, 500px\" \/><\/a><\/p>\n<p>Neste s\u00e1bado o ex-candidato a prefeito de Ibicu\u00ed, Marcos Galv\u00e3o (PT), mostrou que est\u00e1 com prest\u00edgio com a popula\u00e7\u00e3o. Prova disso foi o sucesso do com\u00edcio que ele realizou para o candidato a deputado federal Davidson Magalh\u00e3es (PC do B), e o deputado estadual Timoteo Brito (PSD).<\/p>\n<p><a href=\"http:\/\/www.sudoestehoje.com.br\/novoportal\/wp-content\/uploads\/2014\/09\/comicio-ibicu\u00ed.jpg\"><img loading=\"lazy\" decoding=\"async\" class=\"aligncenter size-medium wp-image-42229\" src=\"http:\/\/www.sudoestehoje.com.br\/novoportal\/wp-content\/uploads\/2014\/09\/comicio-ibicu\u00ed-500x375.jpg\" alt=\"comicio ibicu\u00ed\" width=\"500\" height=\"375\" srcset=\"https:\/\/www.sudoestehoje.com.br\/novoportal\/wp-content\/uploads\/2014\/09\/comicio-ibicu\u00ed-500x375.jpg 500w, https:\/\/www.sudoestehoje.com.br\/novoportal\/wp-content\/uploads\/2014\/09\/comicio-ibicu\u00ed-700x525.jpg 700w, https:\/\/www.sudoestehoje.com.br\/novoportal\/wp-content\/uploads\/2014\/09\/comicio-ibicu\u00ed.jpg 960w\" sizes=\"auto, (max-width: 500px) 100vw, 500px\" \/><\/a><\/p>\n<p>O objetivo de Marcos Galv\u00e3o \u00e9 mostrar for\u00e7a na elei\u00e7\u00e3o deste ano, e para isto seus candidatos t\u00eam que obter uma boa vota\u00e7\u00e3o no munic\u00edpio, para viabilizar a sua candidatura a prefeito em 2016. Em Itapetinga, o candidato a deputado federal Davidson Magalh\u00e3es conta com o apoio do atuante vereador Alfredo Cabral de Assis (PSD), que \u00e9 pai de Marcos Galv\u00e3o. Com informa\u00e7\u00f5es do Pol\u00edticos do Sul<\/p>\n","protected":false},"excerpt":{"rendered":"<p>Neste s\u00e1bado o ex-candidato a prefeito de Ibicu\u00ed, Marcos Galv\u00e3o (PT), mostrou que est\u00e1 com prest\u00edgio com a popula\u00e7\u00e3o. Prova disso foi o sucesso do com\u00edcio que ele realizou para o candidato a deputado federal Davidson Magalh\u00e3es (PC do B), e o deputado estadual Timoteo Brito (PSD). O objetivo de Marcos Galv\u00e3o \u00e9 mostrar for\u00e7a [&hellip;]<\/p>\n","protected":false},"author":2,"featured_media":0,"comment_status":"open","ping_status":"open","sticky":false,"template":"","format":"standard","meta":{"footnotes":"","_links_to":"","_links_to_target":""},"categories":[1],"tags":[],"class_list":["post-42226","post","type-post","status-publish","format-standard","hentry","category-geral"],"views":1740,"_links":{"self":[{"href":"https:\/\/www.sudoestehoje.com.br\/novoportal\/wp-json\/wp\/v2\/posts\/42226","targetHints":{"allow":["GET"]}}],"collection":[{"href":"https:\/\/www.sudoestehoje.com.br\/novoportal\/wp-json\/wp\/v2\/posts"}],"about":[{"href":"https:\/\/www.sudoestehoje.com.br\/novoportal\/wp-json\/wp\/v2\/types\/post"}],"author":[{"embeddable":true,"href":"https:\/\/www.sudoestehoje.com.br\/novoportal\/wp-json\/wp\/v2\/users\/2"}],"replies":[{"embeddable":true,"href":"https:\/\/www.sudoestehoje.com.br\/novoportal\/wp-json\/wp\/v2\/comments?post=42226"}],"version-history":[{"count":3,"href":"https:\/\/www.sudoestehoje.com.br\/novoportal\/wp-json\/wp\/v2\/posts\/42226\/revisions"}],"predecessor-version":[{"id":42231,"href":"https:\/\/www.sudoestehoje.com.br\/novoportal\/wp-json\/wp\/v2\/posts\/42226\/revisions\/42231"}],"wp:attachment":[{"href":"https:\/\/www.sudoestehoje.com.br\/novoportal\/wp-json\/wp\/v2\/media?parent=42226"}],"wp:term":[{"taxonomy":"category","embeddable":true,"href":"https:\/\/www.sudoestehoje.com.br\/novoportal\/wp-json\/wp\/v2\/categories?post=42226"},{"taxonomy":"post_tag","embeddable":true,"href":"https:\/\/www.sudoestehoje.com.br\/novoportal\/wp-json\/wp\/v2\/tags?post=42226"}],"curies":[{"name":"wp","href":"https:\/\/api.w.org\/{rel}","templated":true}]}}