
{"id":42167,"date":"2014-09-21T19:38:15","date_gmt":"2014-09-21T22:38:15","guid":{"rendered":"http:\/\/www.sudoestehoje.com.br\/novoportal\/?p=42167"},"modified":"2014-09-21T19:38:15","modified_gmt":"2014-09-21T22:38:15","slug":"instituto-brasil-oposicao-quer-apuracao-pelo-mpf-e-cpi-na-camara","status":"publish","type":"post","link":"https:\/\/www.sudoestehoje.com.br\/novoportal\/2014\/09\/21\/instituto-brasil-oposicao-quer-apuracao-pelo-mpf-e-cpi-na-camara\/","title":{"rendered":"INSTITUTO BRASIL: OPOSI\u00c7\u00c3O QUER APURA\u00c7\u00c3O PELO MPF E CPI NA C\u00c2MARA"},"content":{"rendered":"<p><a href=\"http:\/\/www.sudoestehoje.com.br\/novoportal\/wp-content\/uploads\/2014\/09\/veja_denunciaPT-1.jpg\"><img loading=\"lazy\" decoding=\"async\" class=\"wp-image-42171 alignleft\" src=\"http:\/\/www.sudoestehoje.com.br\/novoportal\/wp-content\/uploads\/2014\/09\/veja_denunciaPT-1-281x500.jpg\" alt=\"veja_denunciaPT (1)\" width=\"219\" height=\"390\" srcset=\"https:\/\/www.sudoestehoje.com.br\/novoportal\/wp-content\/uploads\/2014\/09\/veja_denunciaPT-1-281x500.jpg 281w, https:\/\/www.sudoestehoje.com.br\/novoportal\/wp-content\/uploads\/2014\/09\/veja_denunciaPT-1.jpg 338w\" sizes=\"auto, (max-width: 219px) 100vw, 219px\" \/><\/a><\/p>\n<p><span style=\"color: #444444;\">Uma frente de congressistas de oposi\u00e7\u00e3o solicitar\u00e1 ao procurador-geral da Rep\u00fablica, Rodrigo Janot, na pr\u00f3xima ter\u00e7a-feira (23), que o Minist\u00e9rio P\u00fablico Federal (MPF) participe, junto ao Minist\u00e9rio P\u00fablico da Bahia (MP-BA), da apura\u00e7\u00e3o sobre a den\u00fancia de desvio de recursos do Fundo de Combate \u00e0 Pobreza para campanhas eleitorais de pol\u00edticos petistas no estado, feita pela presidente da ONG Instituto Brasil, Dalva Sele, em entrevista \u00e0 revista Veja. <\/span><\/p>\n<p><span style=\"color: #444444;\">De acordo com a reportagem, a entidade foi criada por petistas e foi escolhida pelo governo do Estado, em 2008, para a constru\u00e7\u00e3o de 1120 casas populares na Bahia. Segundo a dirigente da ONG, no entanto, a parceria foi usada para desviar recursos que seriam destinados para o financiamento de campanhas do partido.<\/span><\/p>\n<p><span style=\"color: #444444;\">O grupo \u00e9 composto pelos deputados federais Bruno Ara\u00fajo (PSDB), Antonio Imbassahy (PSDB), Paulinho da For\u00e7a (SDD), Rubem Bueno (PPS), todos candidatos \u00e0 reelei\u00e7\u00e3o; e pelo senador Agripino Maia (DEM), que coordena a campanha do candidato \u00e0 presid\u00eancia da Rep\u00fablica pelo PSDB, A\u00e9cio Neves. \u201c\u00c9 uma pr\u00e1tica contumaz que foi flagrada na Bahia, mas ocorre em todo o pa\u00eds. O Congresso n\u00e3o pode se omitir diante de mais este atentado \u00e0 democracia e \u00e0 rep\u00fablica brasileira\u201d, disse Agripino.<\/span><\/p>\n<p><span style=\"color: #444444;\"> Antes de protocolar a representa\u00e7\u00e3o, \u00e0s 9h30, o grupo se reunir\u00e1 no gabinete do senador democrata para elaborar um requerimento da instala\u00e7\u00e3o de uma Comiss\u00e3o Parlamentar de Inqu\u00e9rito (CPI) para investigar a den\u00fancia. J\u00e1 aderiram \u00e0 frente outros congressistas, como Mendon\u00e7a Filho (DEM-PE), Luiz de Deus (DEM-BA), Cl\u00e1udio Cajado (DEM-BA), Colbert Martins (PMDB-BA), Arthur Maia (SDD-Bahia), Jutahy Jr. (PSDB-BA) e L\u00facio Vieira Lima (PMDB-BA).<\/span><\/p>\n","protected":false},"excerpt":{"rendered":"<p>Uma frente de congressistas de oposi\u00e7\u00e3o solicitar\u00e1 ao procurador-geral da Rep\u00fablica, Rodrigo Janot, na pr\u00f3xima ter\u00e7a-feira (23), que o Minist\u00e9rio P\u00fablico Federal (MPF) participe, junto ao Minist\u00e9rio P\u00fablico da Bahia (MP-BA), da apura\u00e7\u00e3o sobre a den\u00fancia de desvio de recursos do Fundo de Combate \u00e0 Pobreza para campanhas eleitorais de pol\u00edticos petistas no estado, feita [&hellip;]<\/p>\n","protected":false},"author":2,"featured_media":0,"comment_status":"open","ping_status":"open","sticky":false,"template":"","format":"standard","meta":{"footnotes":"","_links_to":"","_links_to_target":""},"categories":[1],"tags":[],"class_list":["post-42167","post","type-post","status-publish","format-standard","hentry","category-geral"],"views":1137,"_links":{"self":[{"href":"https:\/\/www.sudoestehoje.com.br\/novoportal\/wp-json\/wp\/v2\/posts\/42167","targetHints":{"allow":["GET"]}}],"collection":[{"href":"https:\/\/www.sudoestehoje.com.br\/novoportal\/wp-json\/wp\/v2\/posts"}],"about":[{"href":"https:\/\/www.sudoestehoje.com.br\/novoportal\/wp-json\/wp\/v2\/types\/post"}],"author":[{"embeddable":true,"href":"https:\/\/www.sudoestehoje.com.br\/novoportal\/wp-json\/wp\/v2\/users\/2"}],"replies":[{"embeddable":true,"href":"https:\/\/www.sudoestehoje.com.br\/novoportal\/wp-json\/wp\/v2\/comments?post=42167"}],"version-history":[{"count":4,"href":"https:\/\/www.sudoestehoje.com.br\/novoportal\/wp-json\/wp\/v2\/posts\/42167\/revisions"}],"predecessor-version":[{"id":42172,"href":"https:\/\/www.sudoestehoje.com.br\/novoportal\/wp-json\/wp\/v2\/posts\/42167\/revisions\/42172"}],"wp:attachment":[{"href":"https:\/\/www.sudoestehoje.com.br\/novoportal\/wp-json\/wp\/v2\/media?parent=42167"}],"wp:term":[{"taxonomy":"category","embeddable":true,"href":"https:\/\/www.sudoestehoje.com.br\/novoportal\/wp-json\/wp\/v2\/categories?post=42167"},{"taxonomy":"post_tag","embeddable":true,"href":"https:\/\/www.sudoestehoje.com.br\/novoportal\/wp-json\/wp\/v2\/tags?post=42167"}],"curies":[{"name":"wp","href":"https:\/\/api.w.org\/{rel}","templated":true}]}}