
{"id":42162,"date":"2014-09-21T18:45:01","date_gmt":"2014-09-21T21:45:01","guid":{"rendered":"http:\/\/www.sudoestehoje.com.br\/novoportal\/?p=42162"},"modified":"2014-09-21T18:47:04","modified_gmt":"2014-09-21T21:47:04","slug":"enquanto-o-sac-fixo-nao-vem","status":"publish","type":"post","link":"https:\/\/www.sudoestehoje.com.br\/novoportal\/2014\/09\/21\/enquanto-o-sac-fixo-nao-vem\/","title":{"rendered":"ENQUANTO O SAC FIXO N\u00c3O VEM&#8230;"},"content":{"rendered":"<div id=\"attachment_42163\" style=\"width: 510px\" class=\"wp-caption aligncenter\"><a href=\"http:\/\/www.sudoestehoje.com.br\/novoportal\/wp-content\/uploads\/2014\/09\/FILA-DO-SAC.jpg\"><img loading=\"lazy\" decoding=\"async\" aria-describedby=\"caption-attachment-42163\" class=\"size-medium wp-image-42163\" src=\"http:\/\/www.sudoestehoje.com.br\/novoportal\/wp-content\/uploads\/2014\/09\/FILA-DO-SAC-500x281.jpg\" alt=\"Enquanto o prefeito e o governo do PT n\u00e3o cumprem a promessa de instalar o SAC (Ponto Cidad\u00e3o) em Itapetinga, a popula\u00e7\u00e3o tem que se contentar com o velho SAC m\u00f3vel, que passa por essas redondezas, apenas uma vez por ano. Desta vez, a fila come\u00e7ou a se formar na v\u00e9spera, bem na porta da prefeitura, como muita gente dormindo na cal\u00e7ada, na luta por uma simples Carteira de Identidade, documento b\u00e1sico da cidadania. Ser\u00e1 que o prefeito vai dizer que foi ele que trouxe mais esse 'benef\u00edcio' para a popula\u00e7\u00e3o? Seus  puxas oficiais j\u00e1 est\u00e3o dizendo isto... \" width=\"500\" height=\"281\" srcset=\"https:\/\/www.sudoestehoje.com.br\/novoportal\/wp-content\/uploads\/2014\/09\/FILA-DO-SAC-500x281.jpg 500w, https:\/\/www.sudoestehoje.com.br\/novoportal\/wp-content\/uploads\/2014\/09\/FILA-DO-SAC-700x393.jpg 700w, https:\/\/www.sudoestehoje.com.br\/novoportal\/wp-content\/uploads\/2014\/09\/FILA-DO-SAC.jpg 1632w\" sizes=\"auto, (max-width: 500px) 100vw, 500px\" \/><\/a><p id=\"caption-attachment-42163\" class=\"wp-caption-text\">Enquanto o prefeito e o governo do PT n\u00e3o cumprem a velha promessa de instalar o SAC fixo (Ponto Cidad\u00e3o) em Itapetinga, a popula\u00e7\u00e3o tem que se contentar com o SAC M\u00f3vel, que passa por essas redondezas apenas uma vez por ano. Desta vez, a fila come\u00e7ou a se formar na v\u00e9spera, bem na porta da prefeitura, como muita gente acampando e dormindo na cal\u00e7ada, na luta por uma simples Carteira de Identidade, documento b\u00e1sico da cidadania. Ser\u00e1 que o prefeito vai dizer que foi ele que trouxe mais esse &#8216;benef\u00edcio&#8217; para a popula\u00e7\u00e3o? Seus puxas oficiais j\u00e1 est\u00e3o dizendo isto&#8230; CLIQUE NA FOTO PARA EXPANDIR.<\/p><\/div>\n","protected":false},"excerpt":{"rendered":"","protected":false},"author":2,"featured_media":0,"comment_status":"open","ping_status":"open","sticky":false,"template":"","format":"standard","meta":{"footnotes":"","_links_to":"","_links_to_target":""},"categories":[1],"tags":[],"class_list":["post-42162","post","type-post","status-publish","format-standard","hentry","category-geral"],"views":1214,"_links":{"self":[{"href":"https:\/\/www.sudoestehoje.com.br\/novoportal\/wp-json\/wp\/v2\/posts\/42162","targetHints":{"allow":["GET"]}}],"collection":[{"href":"https:\/\/www.sudoestehoje.com.br\/novoportal\/wp-json\/wp\/v2\/posts"}],"about":[{"href":"https:\/\/www.sudoestehoje.com.br\/novoportal\/wp-json\/wp\/v2\/types\/post"}],"author":[{"embeddable":true,"href":"https:\/\/www.sudoestehoje.com.br\/novoportal\/wp-json\/wp\/v2\/users\/2"}],"replies":[{"embeddable":true,"href":"https:\/\/www.sudoestehoje.com.br\/novoportal\/wp-json\/wp\/v2\/comments?post=42162"}],"version-history":[{"count":3,"href":"https:\/\/www.sudoestehoje.com.br\/novoportal\/wp-json\/wp\/v2\/posts\/42162\/revisions"}],"predecessor-version":[{"id":42166,"href":"https:\/\/www.sudoestehoje.com.br\/novoportal\/wp-json\/wp\/v2\/posts\/42162\/revisions\/42166"}],"wp:attachment":[{"href":"https:\/\/www.sudoestehoje.com.br\/novoportal\/wp-json\/wp\/v2\/media?parent=42162"}],"wp:term":[{"taxonomy":"category","embeddable":true,"href":"https:\/\/www.sudoestehoje.com.br\/novoportal\/wp-json\/wp\/v2\/categories?post=42162"},{"taxonomy":"post_tag","embeddable":true,"href":"https:\/\/www.sudoestehoje.com.br\/novoportal\/wp-json\/wp\/v2\/tags?post=42162"}],"curies":[{"name":"wp","href":"https:\/\/api.w.org\/{rel}","templated":true}]}}