
{"id":42157,"date":"2014-09-21T18:31:45","date_gmt":"2014-09-21T21:31:45","guid":{"rendered":"http:\/\/www.sudoestehoje.com.br\/novoportal\/?p=42157"},"modified":"2014-09-21T18:33:54","modified_gmt":"2014-09-21T21:33:54","slug":"foi-eu-qui-trusse","status":"publish","type":"post","link":"https:\/\/www.sudoestehoje.com.br\/novoportal\/2014\/09\/21\/foi-eu-qui-trusse\/","title":{"rendered":"&#8220;FOI EU QUI TRUSSE&#8221;"},"content":{"rendered":"<p><a href=\"http:\/\/www.sudoestehoje.com.br\/novoportal\/wp-content\/uploads\/2014\/09\/ZE-CARLOS-COCHILANDO.jpg\"><img loading=\"lazy\" decoding=\"async\" class=\"aligncenter  wp-image-42159\" src=\"http:\/\/www.sudoestehoje.com.br\/novoportal\/wp-content\/uploads\/2014\/09\/ZE-CARLOS-COCHILANDO-500x280.jpg\" alt=\"ZE CARLOS COCHILANDO\" width=\"152\" height=\"85\" srcset=\"https:\/\/www.sudoestehoje.com.br\/novoportal\/wp-content\/uploads\/2014\/09\/ZE-CARLOS-COCHILANDO-500x280.jpg 500w, https:\/\/www.sudoestehoje.com.br\/novoportal\/wp-content\/uploads\/2014\/09\/ZE-CARLOS-COCHILANDO.jpg 640w\" sizes=\"auto, (max-width: 152px) 100vw, 152px\" \/><\/a><\/p>\n<p>No auge do seu del\u00edrio pol\u00edtico administrativo, e na tentativa in\u00fatil de querer mostrar servi\u00e7o, Z\u00e9 Carlos usa os empregos que restaram na Azal\u00e9ia como fator de desenvolvimento, se esquecendo de que este \u00e9 o mote pol\u00edtico do advers\u00e1rio, que trouxe a f\u00e1brica para Itapetinga e regi\u00e3o, quando ele ainda rezava na cartilha do velho ACM e n\u00e3o passava de um mero &#8216;assessor de taxista&#8217;, na pra\u00e7a Augusto de Carvalho. Como ajudou a exterminar cerca de 18 mil empregos na regi\u00e3o, n\u00e3o tem direito de se aproveitar do que restou da f\u00e1brica, mas pode se consolar, pongando nas realiza\u00e7\u00f5es da iniciativa privada, dizendo: <em>&#8220;foi eu qui trusse a Zema, a Americanas a farm\u00e1cia e oposto de gazulina&#8221;. <\/em>Ser\u00e1 que foi excesso de etanol?<\/p>\n","protected":false},"excerpt":{"rendered":"<p>No auge do seu del\u00edrio pol\u00edtico administrativo, e na tentativa in\u00fatil de querer mostrar servi\u00e7o, Z\u00e9 Carlos usa os empregos que restaram na Azal\u00e9ia como fator de desenvolvimento, se esquecendo de que este \u00e9 o mote pol\u00edtico do advers\u00e1rio, que trouxe a f\u00e1brica para Itapetinga e regi\u00e3o, quando ele ainda rezava na cartilha do velho [&hellip;]<\/p>\n","protected":false},"author":2,"featured_media":0,"comment_status":"open","ping_status":"open","sticky":false,"template":"","format":"standard","meta":{"footnotes":"","_links_to":"","_links_to_target":""},"categories":[1,11],"tags":[],"class_list":["post-42157","post","type-post","status-publish","format-standard","hentry","category-geral","category-quentinhas"],"views":1523,"_links":{"self":[{"href":"https:\/\/www.sudoestehoje.com.br\/novoportal\/wp-json\/wp\/v2\/posts\/42157","targetHints":{"allow":["GET"]}}],"collection":[{"href":"https:\/\/www.sudoestehoje.com.br\/novoportal\/wp-json\/wp\/v2\/posts"}],"about":[{"href":"https:\/\/www.sudoestehoje.com.br\/novoportal\/wp-json\/wp\/v2\/types\/post"}],"author":[{"embeddable":true,"href":"https:\/\/www.sudoestehoje.com.br\/novoportal\/wp-json\/wp\/v2\/users\/2"}],"replies":[{"embeddable":true,"href":"https:\/\/www.sudoestehoje.com.br\/novoportal\/wp-json\/wp\/v2\/comments?post=42157"}],"version-history":[{"count":3,"href":"https:\/\/www.sudoestehoje.com.br\/novoportal\/wp-json\/wp\/v2\/posts\/42157\/revisions"}],"predecessor-version":[{"id":42161,"href":"https:\/\/www.sudoestehoje.com.br\/novoportal\/wp-json\/wp\/v2\/posts\/42157\/revisions\/42161"}],"wp:attachment":[{"href":"https:\/\/www.sudoestehoje.com.br\/novoportal\/wp-json\/wp\/v2\/media?parent=42157"}],"wp:term":[{"taxonomy":"category","embeddable":true,"href":"https:\/\/www.sudoestehoje.com.br\/novoportal\/wp-json\/wp\/v2\/categories?post=42157"},{"taxonomy":"post_tag","embeddable":true,"href":"https:\/\/www.sudoestehoje.com.br\/novoportal\/wp-json\/wp\/v2\/tags?post=42157"}],"curies":[{"name":"wp","href":"https:\/\/api.w.org\/{rel}","templated":true}]}}