
{"id":4215,"date":"2011-04-08T11:10:56","date_gmt":"2011-04-08T14:10:56","guid":{"rendered":"http:\/\/www.sudoestehoje.com.br\/novoportal\/?p=4215"},"modified":"2011-04-08T11:10:56","modified_gmt":"2011-04-08T14:10:56","slug":"samu-192-quer-fazer-gato","status":"publish","type":"post","link":"https:\/\/www.sudoestehoje.com.br\/novoportal\/2011\/04\/08\/samu-192-quer-fazer-gato\/","title":{"rendered":"SAMU 192 QUER FAZER &#8216;GATO&#8217;"},"content":{"rendered":"<p style=\"text-align: center;\"><a href=\"http:\/\/www.google.com.br\/imgres?imgurl=http:\/\/1.bp.blogspot.com\/_2RP4v5dsw9k\/TI8w6coWgnI\/AAAAAAAAMJQ\/_UTRUF7FrMg\/s1600\/Lamparina.jpg&amp;imgrefurl=http:\/\/paulinhobarrapesada.blogspot.com\/2010\/09\/vergonha-secretaria-municipal-de-natal.html&amp;usg=__xYPjaJhVq2gTUoDWQa0f3YP8LwU=&amp;h=750&amp;w=562&amp;sz=46&amp;hl=pt-br&amp;start=17&amp;zoom=1&amp;um=1&amp;itbs=1&amp;tbnid=SI54bSzwyI_VnM:&amp;tbnh=141&amp;tbnw=106&amp;prev=\/images%3Fq%3Denergia%2Bcortada%26um%3D1%26hl%3Dpt-br%26sa%3DG%26rlz%3D1R2ADBS_pt-BRBR354%26tbm%3Disch&amp;ei=mxafTcHaD-O00QHAwcWYBQ\"><img loading=\"lazy\" decoding=\"async\" id=\"SI54bSzwyI_VnM:\" class=\"aligncenter\" src=\"http:\/\/t0.gstatic.com\/images?q=tbn:ANd9GcSPx2zwcetcdj4ii6wXxmmWXn2H06KWSpNb-41NYJUmg0Wy78ug4UZ3ysU\" alt=\"\" width=\"106\" height=\"141\" \/><\/a><\/p>\n<p>Com a energia cortada por falta de pagamento, h\u00e1 meses, os futuros funcion\u00e1rios do Samu 192 de Itapetinga est\u00e3o apelando aos vizinhos da sua futura sede para fazerem uma &#8216;gambiarra&#8217; (gato de energia), a fim de trabalharem na arruma\u00e7\u00e3o da casa,\u00a0que dever\u00e1 ser inaugurada em maio. Alguns vizinhos negaram a &#8216;gentileza&#8217;, pois acham um desaforo a prefeitura deixar cortar a energia da casa e ficar pedindo favores a particulares. Vale lembar que\u00a0o im\u00f3vel onde dever\u00e1 ser instalado o Samu 192 foi alugado h\u00e1 mais de um ano e as ambul\u00e2ncia s\u00f3 vieram aqui para desfilarem em carreata pol\u00edtica. Depois disto, at\u00e9 breve&#8230;\u00a0Como bem disse um dos funcion\u00e1rios do Samu, a inaugura\u00e7\u00e3o ser\u00e1 em maio, mas s\u00f3 vai funcionar em agosto. A gosto de Deus?<\/p>\n","protected":false},"excerpt":{"rendered":"<p>Com a energia cortada por falta de pagamento, h\u00e1 meses, os futuros funcion\u00e1rios do Samu 192 de Itapetinga est\u00e3o apelando aos vizinhos da sua futura sede para fazerem uma &#8216;gambiarra&#8217; (gato de energia), a fim de trabalharem na arruma\u00e7\u00e3o da casa,\u00a0que dever\u00e1 ser inaugurada em maio. Alguns vizinhos negaram a &#8216;gentileza&#8217;, pois acham um desaforo [&hellip;]<\/p>\n","protected":false},"author":2,"featured_media":0,"comment_status":"open","ping_status":"open","sticky":false,"template":"","format":"standard","meta":{"footnotes":"","_links_to":"","_links_to_target":""},"categories":[11],"tags":[],"class_list":["post-4215","post","type-post","status-publish","format-standard","hentry","category-quentinhas"],"views":1202,"_links":{"self":[{"href":"https:\/\/www.sudoestehoje.com.br\/novoportal\/wp-json\/wp\/v2\/posts\/4215","targetHints":{"allow":["GET"]}}],"collection":[{"href":"https:\/\/www.sudoestehoje.com.br\/novoportal\/wp-json\/wp\/v2\/posts"}],"about":[{"href":"https:\/\/www.sudoestehoje.com.br\/novoportal\/wp-json\/wp\/v2\/types\/post"}],"author":[{"embeddable":true,"href":"https:\/\/www.sudoestehoje.com.br\/novoportal\/wp-json\/wp\/v2\/users\/2"}],"replies":[{"embeddable":true,"href":"https:\/\/www.sudoestehoje.com.br\/novoportal\/wp-json\/wp\/v2\/comments?post=4215"}],"version-history":[{"count":1,"href":"https:\/\/www.sudoestehoje.com.br\/novoportal\/wp-json\/wp\/v2\/posts\/4215\/revisions"}],"predecessor-version":[{"id":4216,"href":"https:\/\/www.sudoestehoje.com.br\/novoportal\/wp-json\/wp\/v2\/posts\/4215\/revisions\/4216"}],"wp:attachment":[{"href":"https:\/\/www.sudoestehoje.com.br\/novoportal\/wp-json\/wp\/v2\/media?parent=4215"}],"wp:term":[{"taxonomy":"category","embeddable":true,"href":"https:\/\/www.sudoestehoje.com.br\/novoportal\/wp-json\/wp\/v2\/categories?post=4215"},{"taxonomy":"post_tag","embeddable":true,"href":"https:\/\/www.sudoestehoje.com.br\/novoportal\/wp-json\/wp\/v2\/tags?post=4215"}],"curies":[{"name":"wp","href":"https:\/\/api.w.org\/{rel}","templated":true}]}}