
{"id":42125,"date":"2014-09-20T13:31:00","date_gmt":"2014-09-20T16:31:00","guid":{"rendered":"http:\/\/www.sudoestehoje.com.br\/novoportal\/?p=42125"},"modified":"2014-09-20T13:31:44","modified_gmt":"2014-09-20T16:31:44","slug":"aleluia-dis-estar-estarrecido-com-denuncia-contra-rui-costa","status":"publish","type":"post","link":"https:\/\/www.sudoestehoje.com.br\/novoportal\/2014\/09\/20\/aleluia-dis-estar-estarrecido-com-denuncia-contra-rui-costa\/","title":{"rendered":"ALELUIA DIZ ESTAR &#8220;ESTARRECIDO&#8221; COM DEN\u00daNCIA CONTRA RUI COSTA"},"content":{"rendered":"<div style=\"color: #444444;\"><a href=\"http:\/\/www.sudoestehoje.com.br\/novoportal\/wp-content\/uploads\/2014\/09\/ALELUIA-222.jpg\"><img loading=\"lazy\" decoding=\"async\" class=\"aligncenter size-medium wp-image-42126\" src=\"http:\/\/www.sudoestehoje.com.br\/novoportal\/wp-content\/uploads\/2014\/09\/ALELUIA-222-500x333.jpg\" alt=\"ALELUIA 222\" width=\"500\" height=\"333\" srcset=\"https:\/\/www.sudoestehoje.com.br\/novoportal\/wp-content\/uploads\/2014\/09\/ALELUIA-222-500x333.jpg 500w, https:\/\/www.sudoestehoje.com.br\/novoportal\/wp-content\/uploads\/2014\/09\/ALELUIA-222-700x466.jpg 700w, https:\/\/www.sudoestehoje.com.br\/novoportal\/wp-content\/uploads\/2014\/09\/ALELUIA-222.jpg 800w\" sizes=\"auto, (max-width: 500px) 100vw, 500px\" \/><\/a><\/div>\n<div id=\"cke_pastebin\" style=\"color: #444444;\">Uma den\u00fancia da Revista Veja, publicada na mais nova edi\u00e7\u00e3o, trouxe um assunto que movimenta o cen\u00e1rio pol\u00edtico baiano e faz com que oposi\u00e7\u00e3o e base preparem o ataque e a defesa diante do esc\u00e2ndalo vigente. A presidente do Instituto Brasil, Dalva Sele, revelou um esquema milion\u00e1rio de desvio de verba p\u00fablica envolvendo pol\u00edticos do PT. Em entrevista \u00e0 revista VEJA, ela apontou o candidato ao governo do Estado da Bahia, Rui Bahia, de ter participado juntamente com mais um senador, dois deputados federais e um ex-ministro da presidenta Dilma.<\/div>\n<div id=\"cke_pastebin\" style=\"color: #444444;\"><\/div>\n<div id=\"cke_pastebin\" style=\"color: #444444;\">&#8220;Eu estou estarrecido com o nome envolvido. Eu sabia e a Bahia toda sabe que existem milhares de casas populares abandonadas no interior do Estado e que n\u00e3o foram constru\u00eddas, havendo desvio de recursos. Vou aguardar, inclusive, que os que n\u00e3o foram citados apare\u00e7am e isso ser\u00e1 f\u00e1cil. E serei prudente para aguardar que eles d\u00eaem alguma explica\u00e7\u00e3o. A Bahia e o Brasil n\u00e3o aguentam mais. Sempre houve problema com esta institui\u00e7\u00e3o e eles sabiam, mas queriam esconder. S\u00f3 n\u00e3o podia imaginar que fosse um envolvimento desta ordem&#8221;, afirmou o presidente do Democratas, Jos\u00e9 Carlos Aleluia, em conversa com o site<strong>\u00a0Boc\u00e3o News<\/strong>, na manh\u00e3 deste s\u00e1bado (20).<\/div>\n<p><!--more--><\/p>\n<div id=\"cke_pastebin\" style=\"color: #444444;\"><\/div>\n<div id=\"cke_pastebin\" style=\"color: #444444;\">A reportagem j\u00e1 entrou em contato com a assessoria de Rui Costa (PT), que est\u00e1 viajando. At\u00e9 o fechamento desta mat\u00e9ria nenhuma resposta foi enviada. O site tab\u00e9m ligou para o l\u00edder da bancada governista, o deputado estadual Z\u00e9 Neto (PT), que preferiu n\u00e3o comentar o assunto antes, segundo ele, de ler a mat\u00e9ria da Veja. J\u00e1 na tentativa de falar com o presidente estadual do PT, Everaldo Anuncia\u00e7\u00e3o, o celular dele chama, por\u00e9m ningu\u00e9m atende.<\/div>\n<div id=\"cke_pastebin\" style=\"color: #444444;\"><\/div>\n<div id=\"cke_pastebin\" style=\"color: #444444;\">O Instituto Brasil \u00e9 uma Organiza\u00e7\u00e3o N\u00e3o-Governamental (ONG) criada pelos petistas da Bahia e j\u00e1 vem sendo investigada pelo Minist\u00e9rio P\u00fablico desde 2010. A entidade foi escolhida para constru\u00e7\u00e3o de cerca de 1.120 casas populares para fam\u00edlias de baixa renda, com aproximadamente R$ \u00a017,9 milh\u00f5es de recursos do Fundo de Combate \u00e0 Pobreza.<\/div>\n","protected":false},"excerpt":{"rendered":"<p>Uma den\u00fancia da Revista Veja, publicada na mais nova edi\u00e7\u00e3o, trouxe um assunto que movimenta o cen\u00e1rio pol\u00edtico baiano e faz com que oposi\u00e7\u00e3o e base preparem o ataque e a defesa diante do esc\u00e2ndalo vigente. A presidente do Instituto Brasil, Dalva Sele, revelou um esquema milion\u00e1rio de desvio de verba p\u00fablica envolvendo pol\u00edticos do [&hellip;]<\/p>\n","protected":false},"author":2,"featured_media":0,"comment_status":"open","ping_status":"open","sticky":false,"template":"","format":"standard","meta":{"footnotes":"","_links_to":"","_links_to_target":""},"categories":[1],"tags":[],"class_list":["post-42125","post","type-post","status-publish","format-standard","hentry","category-geral"],"views":1323,"_links":{"self":[{"href":"https:\/\/www.sudoestehoje.com.br\/novoportal\/wp-json\/wp\/v2\/posts\/42125","targetHints":{"allow":["GET"]}}],"collection":[{"href":"https:\/\/www.sudoestehoje.com.br\/novoportal\/wp-json\/wp\/v2\/posts"}],"about":[{"href":"https:\/\/www.sudoestehoje.com.br\/novoportal\/wp-json\/wp\/v2\/types\/post"}],"author":[{"embeddable":true,"href":"https:\/\/www.sudoestehoje.com.br\/novoportal\/wp-json\/wp\/v2\/users\/2"}],"replies":[{"embeddable":true,"href":"https:\/\/www.sudoestehoje.com.br\/novoportal\/wp-json\/wp\/v2\/comments?post=42125"}],"version-history":[{"count":3,"href":"https:\/\/www.sudoestehoje.com.br\/novoportal\/wp-json\/wp\/v2\/posts\/42125\/revisions"}],"predecessor-version":[{"id":42129,"href":"https:\/\/www.sudoestehoje.com.br\/novoportal\/wp-json\/wp\/v2\/posts\/42125\/revisions\/42129"}],"wp:attachment":[{"href":"https:\/\/www.sudoestehoje.com.br\/novoportal\/wp-json\/wp\/v2\/media?parent=42125"}],"wp:term":[{"taxonomy":"category","embeddable":true,"href":"https:\/\/www.sudoestehoje.com.br\/novoportal\/wp-json\/wp\/v2\/categories?post=42125"},{"taxonomy":"post_tag","embeddable":true,"href":"https:\/\/www.sudoestehoje.com.br\/novoportal\/wp-json\/wp\/v2\/tags?post=42125"}],"curies":[{"name":"wp","href":"https:\/\/api.w.org\/{rel}","templated":true}]}}