
{"id":42114,"date":"2014-09-20T08:30:00","date_gmt":"2014-09-20T11:30:00","guid":{"rendered":"http:\/\/www.sudoestehoje.com.br\/novoportal\/?p=42114"},"modified":"2014-09-20T08:41:53","modified_gmt":"2014-09-20T11:41:53","slug":"candidatura-de-sandro-regis-cresce-e-deslancha-em-toda-a-bahia","status":"publish","type":"post","link":"https:\/\/www.sudoestehoje.com.br\/novoportal\/2014\/09\/20\/candidatura-de-sandro-regis-cresce-e-deslancha-em-toda-a-bahia\/","title":{"rendered":"CANDIDATURA DE SANDRO REGIS CRESCE E DESLANCHA EM TODA A BAHIA"},"content":{"rendered":"<p><a href=\"http:\/\/www.sudoestehoje.com.br\/novoportal\/wp-content\/uploads\/2014\/09\/sandro-e-grupo.jpg\"><img loading=\"lazy\" decoding=\"async\" class=\"aligncenter size-full wp-image-42115\" src=\"http:\/\/www.sudoestehoje.com.br\/novoportal\/wp-content\/uploads\/2014\/09\/sandro-e-grupo.jpg\" alt=\"sandro e grupo\" width=\"500\" height=\"375\" \/><\/a><\/p>\n<p>ITAPETINGA &#8211; Demonstrando grande desenvoltura pol\u00edtica, a candidatura \u00e0 relei\u00e7\u00e3o do deputado estadual Sandro R\u00e9gis (DEM) \u00e9 uma das que mais crescem em todo o estado. Segundo progn\u00f3sticos dos principais articulistas e cientistas pol\u00edticos da Bahia, Sandro tem a sua reelei\u00e7\u00e3o praticamente garantida, podendo repetir a grande vota\u00e7\u00e3o que obteve para o seu primeiro mandato.<\/p>\n<p>Em Itapetinga, a campanha de Sandro R\u00e9gis vem sendo tocada por um grupo eficiente, liderado pelo ex-candidato a prefeito, Dr. Arnaldo Teixeira, pelos vereadores Naara Duarte e Fabiano Bahia, al\u00e9m do presidente do DEM, Geraldo Trindade, que arrega\u00e7aram as mangas e prometem dar ao deputado uma vota\u00e7\u00e3o expressiva no munic\u00edpio, provavelmente a maior entre os candidatos apoiados pelo DEM de Itapetinga.<\/p>\n<p>No estado, a sua base de apoio vem multiplicando, com ades\u00f5es importantes a todo momento. Lideran\u00e7as de mais de 80 munic\u00edpios j\u00e1 declararam apoio e est\u00e3o trabalhando pela reelei\u00e7\u00e3o de Sandro.<\/p>\n<p><strong><em>Por Davi Ferraz<\/em><\/strong><\/p>\n","protected":false},"excerpt":{"rendered":"<p>ITAPETINGA &#8211; Demonstrando grande desenvoltura pol\u00edtica, a candidatura \u00e0 relei\u00e7\u00e3o do deputado estadual Sandro R\u00e9gis (DEM) \u00e9 uma das que mais crescem em todo o estado. Segundo progn\u00f3sticos dos principais articulistas e cientistas pol\u00edticos da Bahia, Sandro tem a sua reelei\u00e7\u00e3o praticamente garantida, podendo repetir a grande vota\u00e7\u00e3o que obteve para o seu primeiro mandato. [&hellip;]<\/p>\n","protected":false},"author":2,"featured_media":0,"comment_status":"open","ping_status":"open","sticky":false,"template":"","format":"standard","meta":{"footnotes":"","_links_to":"","_links_to_target":""},"categories":[1],"tags":[],"class_list":["post-42114","post","type-post","status-publish","format-standard","hentry","category-geral"],"views":1676,"_links":{"self":[{"href":"https:\/\/www.sudoestehoje.com.br\/novoportal\/wp-json\/wp\/v2\/posts\/42114","targetHints":{"allow":["GET"]}}],"collection":[{"href":"https:\/\/www.sudoestehoje.com.br\/novoportal\/wp-json\/wp\/v2\/posts"}],"about":[{"href":"https:\/\/www.sudoestehoje.com.br\/novoportal\/wp-json\/wp\/v2\/types\/post"}],"author":[{"embeddable":true,"href":"https:\/\/www.sudoestehoje.com.br\/novoportal\/wp-json\/wp\/v2\/users\/2"}],"replies":[{"embeddable":true,"href":"https:\/\/www.sudoestehoje.com.br\/novoportal\/wp-json\/wp\/v2\/comments?post=42114"}],"version-history":[{"count":3,"href":"https:\/\/www.sudoestehoje.com.br\/novoportal\/wp-json\/wp\/v2\/posts\/42114\/revisions"}],"predecessor-version":[{"id":42118,"href":"https:\/\/www.sudoestehoje.com.br\/novoportal\/wp-json\/wp\/v2\/posts\/42114\/revisions\/42118"}],"wp:attachment":[{"href":"https:\/\/www.sudoestehoje.com.br\/novoportal\/wp-json\/wp\/v2\/media?parent=42114"}],"wp:term":[{"taxonomy":"category","embeddable":true,"href":"https:\/\/www.sudoestehoje.com.br\/novoportal\/wp-json\/wp\/v2\/categories?post=42114"},{"taxonomy":"post_tag","embeddable":true,"href":"https:\/\/www.sudoestehoje.com.br\/novoportal\/wp-json\/wp\/v2\/tags?post=42114"}],"curies":[{"name":"wp","href":"https:\/\/api.w.org\/{rel}","templated":true}]}}