
{"id":42107,"date":"2014-09-20T07:55:08","date_gmt":"2014-09-20T10:55:08","guid":{"rendered":"http:\/\/www.sudoestehoje.com.br\/novoportal\/?p=42107"},"modified":"2014-09-20T07:55:09","modified_gmt":"2014-09-20T10:55:09","slug":"queiroz-participa-da-recepcao-a-aecio-neves-em-itabuna","status":"publish","type":"post","link":"https:\/\/www.sudoestehoje.com.br\/novoportal\/2014\/09\/20\/queiroz-participa-da-recepcao-a-aecio-neves-em-itabuna\/","title":{"rendered":"QUEIROZ PARTICIPA DA RECEP\u00c7\u00c3O A A\u00c9CIO NEVES EM ITABUNA"},"content":{"rendered":"<p><a href=\"http:\/\/www.sudoestehoje.com.br\/novoportal\/wp-content\/uploads\/2014\/09\/Aecio-4.jpg\"><img loading=\"lazy\" decoding=\"async\" class=\"aligncenter  wp-image-42108\" src=\"http:\/\/www.sudoestehoje.com.br\/novoportal\/wp-content\/uploads\/2014\/09\/Aecio-4.jpg\" alt=\"Aecio 4\" width=\"429\" height=\"286\" \/><\/a><\/p>\n<p>O povo de Itabuna recebeu o candidato a presidente da rep\u00fablica A\u00e9cio Neves com grande festa, no centro comercial da cidade. Na manha desta quinta-feira, milhares de pessoas foram \u00e0s ruas de Itabuna para recepcionar e ouvir A\u00e9cio Neves, ACM N Neto, Paulo Souto e Geddel Vieira Lima.<\/p>\n<p><a href=\"http:\/\/www.sudoestehoje.com.br\/novoportal\/wp-content\/uploads\/2014\/09\/Aecio-2.jpg\"><img loading=\"lazy\" decoding=\"async\" class=\"aligncenter  wp-image-42109\" src=\"http:\/\/www.sudoestehoje.com.br\/novoportal\/wp-content\/uploads\/2014\/09\/Aecio-2.jpg\" alt=\"Aecio 2\" width=\"433\" height=\"287\" \/><\/a><\/p>\n<p>Quem esteve tamb\u00e9m presente no encontro foi o pol\u00edtico e empres\u00e1rio do ramo \u00f3tico Queiroz , coordenador da campanha dos deputados Jo\u00e3o Gualberto e Ticol\u00f4 em Itapetinga e regi\u00e3o.<\/p>\n<p><a href=\"http:\/\/www.sudoestehoje.com.br\/novoportal\/wp-content\/uploads\/2014\/09\/Aecio-1.jpg\"><img loading=\"lazy\" decoding=\"async\" class=\"aligncenter  wp-image-42110\" src=\"http:\/\/www.sudoestehoje.com.br\/novoportal\/wp-content\/uploads\/2014\/09\/Aecio-1.jpg\" alt=\"Aecio 1\" width=\"437\" height=\"291\" \/><\/a><\/p>\n<p>Ao lado de Ticol\u00f4 e Jo\u00e3o Gualberto, Queiroz \u00a0pediu pessoalmente ao presidenci\u00e1vel A\u00e9cio Neves que, caso eleito, olhe com carinho para a nossa Bahia , principalmente a regi\u00e3o Sudoeste, que vem sofrendo muito com a viol\u00eancia e o desemprego. Ascom<\/p>\n<p><a href=\"http:\/\/www.sudoestehoje.com.br\/novoportal\/wp-content\/uploads\/2014\/09\/Aecio-3.jpg\"><img loading=\"lazy\" decoding=\"async\" class=\"aligncenter  wp-image-42111\" src=\"http:\/\/www.sudoestehoje.com.br\/novoportal\/wp-content\/uploads\/2014\/09\/Aecio-3.jpg\" alt=\"Aecio 3\" width=\"435\" height=\"290\" \/><\/a><\/p>\n<p><a href=\"http:\/\/www.sudoestehoje.com.br\/novoportal\/wp-content\/uploads\/2014\/09\/Aecio-6.jpg\"><img loading=\"lazy\" decoding=\"async\" class=\"aligncenter  wp-image-42112\" src=\"http:\/\/www.sudoestehoje.com.br\/novoportal\/wp-content\/uploads\/2014\/09\/Aecio-6.jpg\" alt=\"Aecio 6\" width=\"437\" height=\"291\" \/><\/a><\/p>\n","protected":false},"excerpt":{"rendered":"<p>O povo de Itabuna recebeu o candidato a presidente da rep\u00fablica A\u00e9cio Neves com grande festa, no centro comercial da cidade. Na manha desta quinta-feira, milhares de pessoas foram \u00e0s ruas de Itabuna para recepcionar e ouvir A\u00e9cio Neves, ACM N Neto, Paulo Souto e Geddel Vieira Lima. Quem esteve tamb\u00e9m presente no encontro foi [&hellip;]<\/p>\n","protected":false},"author":2,"featured_media":0,"comment_status":"open","ping_status":"open","sticky":false,"template":"","format":"standard","meta":{"footnotes":"","_links_to":"","_links_to_target":""},"categories":[1],"tags":[],"class_list":["post-42107","post","type-post","status-publish","format-standard","hentry","category-geral"],"views":1248,"_links":{"self":[{"href":"https:\/\/www.sudoestehoje.com.br\/novoportal\/wp-json\/wp\/v2\/posts\/42107","targetHints":{"allow":["GET"]}}],"collection":[{"href":"https:\/\/www.sudoestehoje.com.br\/novoportal\/wp-json\/wp\/v2\/posts"}],"about":[{"href":"https:\/\/www.sudoestehoje.com.br\/novoportal\/wp-json\/wp\/v2\/types\/post"}],"author":[{"embeddable":true,"href":"https:\/\/www.sudoestehoje.com.br\/novoportal\/wp-json\/wp\/v2\/users\/2"}],"replies":[{"embeddable":true,"href":"https:\/\/www.sudoestehoje.com.br\/novoportal\/wp-json\/wp\/v2\/comments?post=42107"}],"version-history":[{"count":1,"href":"https:\/\/www.sudoestehoje.com.br\/novoportal\/wp-json\/wp\/v2\/posts\/42107\/revisions"}],"predecessor-version":[{"id":42113,"href":"https:\/\/www.sudoestehoje.com.br\/novoportal\/wp-json\/wp\/v2\/posts\/42107\/revisions\/42113"}],"wp:attachment":[{"href":"https:\/\/www.sudoestehoje.com.br\/novoportal\/wp-json\/wp\/v2\/media?parent=42107"}],"wp:term":[{"taxonomy":"category","embeddable":true,"href":"https:\/\/www.sudoestehoje.com.br\/novoportal\/wp-json\/wp\/v2\/categories?post=42107"},{"taxonomy":"post_tag","embeddable":true,"href":"https:\/\/www.sudoestehoje.com.br\/novoportal\/wp-json\/wp\/v2\/tags?post=42107"}],"curies":[{"name":"wp","href":"https:\/\/api.w.org\/{rel}","templated":true}]}}