
{"id":42043,"date":"2014-09-19T08:43:52","date_gmt":"2014-09-19T11:43:52","guid":{"rendered":"http:\/\/www.sudoestehoje.com.br\/novoportal\/?p=42043"},"modified":"2014-09-19T08:44:39","modified_gmt":"2014-09-19T11:44:39","slug":"mp-pede-investigacao-eleitoral-sobre-instituto-babespdatanilo","status":"publish","type":"post","link":"https:\/\/www.sudoestehoje.com.br\/novoportal\/2014\/09\/19\/mp-pede-investigacao-eleitoral-sobre-instituto-babespdatanilo\/","title":{"rendered":"MP PEDE INVESTIGA\u00c7\u00c3O ELEITORAL SOBRE INSTITUTO BABESP\/DATANILO"},"content":{"rendered":"<div id=\"attachment_42044\" style=\"width: 510px\" class=\"wp-caption aligncenter\"><a href=\"http:\/\/www.sudoestehoje.com.br\/novoportal\/wp-content\/uploads\/2014\/09\/Rui_Marcelo_Wagner_Blog_Marcos_Marcos_Frahm.jpg\"><img loading=\"lazy\" decoding=\"async\" aria-describedby=\"caption-attachment-42044\" class=\"size-medium wp-image-42044\" src=\"http:\/\/www.sudoestehoje.com.br\/novoportal\/wp-content\/uploads\/2014\/09\/Rui_Marcelo_Wagner_Blog_Marcos_Marcos_Frahm-500x376.jpg\" alt=\"Aliado de Wagner e Rui, o deputado Marcelo Nilo vem sendo acusado de usar assessores da presid\u00eancia da Assembl\u00e9ia Legislativa  para 'fabricar' pesquisas favor\u00e1veis aos candidatos do governo, Rui e Otto. \" width=\"500\" height=\"376\" srcset=\"https:\/\/www.sudoestehoje.com.br\/novoportal\/wp-content\/uploads\/2014\/09\/Rui_Marcelo_Wagner_Blog_Marcos_Marcos_Frahm-500x376.jpg 500w, https:\/\/www.sudoestehoje.com.br\/novoportal\/wp-content\/uploads\/2014\/09\/Rui_Marcelo_Wagner_Blog_Marcos_Marcos_Frahm.jpg 694w\" sizes=\"auto, (max-width: 500px) 100vw, 500px\" \/><\/a><p id=\"caption-attachment-42044\" class=\"wp-caption-text\">Aliado de Wagner e Rui, o deputado Marcelo Nilo vem sendo acusado de usar assessores da presid\u00eancia da Assembl\u00e9ia Legislativa para &#8216;fabricar&#8217; pesquisas favor\u00e1veis aos candidatos do governo, Rui e Otto.<\/p><\/div>\n<p><span style=\"color: #666666;\">O Minist\u00e9rio P\u00fablico do Estado ingressou com representa\u00e7\u00e3o na Procuradoria Regional Eleitoral pedindo abertura de investiga\u00e7\u00e3o contra o instituto de pesquisas Babesp, tamb\u00e9m conhecido como Datanilo, por causa de suas liga\u00e7\u00f5es com o presidente da Assembleia, deputado Marcelo Nilo (PDT). <\/span><\/p>\n<p><span style=\"color: #666666;\">No documento, a promotora Rita Tourinho, do Grupo de Atua\u00e7\u00e3o Especial de Defesa do Patrim\u00f4nio P\u00fablico e da Moralidade Administrativa, solicita que seja averiguada a idoneidade da Babesp, cujos donos oficiais, informa o requerimento, s\u00e3o irm\u00e3os de funcion\u00e1rios do Legislativo que trabalham h\u00e1 muito tempo como assessores de Nilo. <\/span><\/p>\n<p><span style=\"color: #666666;\">A promotora se refere a Roberto Pereira Matos e Egina Maria Nascimento, que figuram como s\u00f3cios da empresa, de acordo com certid\u00e3o obtida pela Sat\u00e9lite na Junta Comercial da Bahia. \u201cA representa\u00e7\u00e3o foi (feita) porque \u00e9 preciso apurar o grau de isen\u00e7\u00e3o de instituto de pesquisa que serve a algum candidato\u201d, afirmou Rita Tourinho \u00e0 coluna. <\/span><\/p>\n<p><span style=\"color: #666666;\">A promotora Rita Tourinho disse ainda que, na pr\u00f3xima semana, come\u00e7ar\u00e1 a ouvir depoimentos de benefici\u00e1rios de bolsas de estudos pagas pela Assembleia, outra dor de cabe\u00e7a para Marcelo Nilo \u00e0s v\u00e9speras da elei\u00e7\u00e3o. Pol\u00edtica Livre<\/span><\/p>\n","protected":false},"excerpt":{"rendered":"<p>O Minist\u00e9rio P\u00fablico do Estado ingressou com representa\u00e7\u00e3o na Procuradoria Regional Eleitoral pedindo abertura de investiga\u00e7\u00e3o contra o instituto de pesquisas Babesp, tamb\u00e9m conhecido como Datanilo, por causa de suas liga\u00e7\u00f5es com o presidente da Assembleia, deputado Marcelo Nilo (PDT). No documento, a promotora Rita Tourinho, do Grupo de Atua\u00e7\u00e3o Especial de Defesa do Patrim\u00f4nio [&hellip;]<\/p>\n","protected":false},"author":2,"featured_media":0,"comment_status":"open","ping_status":"open","sticky":false,"template":"","format":"standard","meta":{"footnotes":"","_links_to":"","_links_to_target":""},"categories":[1],"tags":[],"class_list":["post-42043","post","type-post","status-publish","format-standard","hentry","category-geral"],"views":1182,"_links":{"self":[{"href":"https:\/\/www.sudoestehoje.com.br\/novoportal\/wp-json\/wp\/v2\/posts\/42043","targetHints":{"allow":["GET"]}}],"collection":[{"href":"https:\/\/www.sudoestehoje.com.br\/novoportal\/wp-json\/wp\/v2\/posts"}],"about":[{"href":"https:\/\/www.sudoestehoje.com.br\/novoportal\/wp-json\/wp\/v2\/types\/post"}],"author":[{"embeddable":true,"href":"https:\/\/www.sudoestehoje.com.br\/novoportal\/wp-json\/wp\/v2\/users\/2"}],"replies":[{"embeddable":true,"href":"https:\/\/www.sudoestehoje.com.br\/novoportal\/wp-json\/wp\/v2\/comments?post=42043"}],"version-history":[{"count":2,"href":"https:\/\/www.sudoestehoje.com.br\/novoportal\/wp-json\/wp\/v2\/posts\/42043\/revisions"}],"predecessor-version":[{"id":42046,"href":"https:\/\/www.sudoestehoje.com.br\/novoportal\/wp-json\/wp\/v2\/posts\/42043\/revisions\/42046"}],"wp:attachment":[{"href":"https:\/\/www.sudoestehoje.com.br\/novoportal\/wp-json\/wp\/v2\/media?parent=42043"}],"wp:term":[{"taxonomy":"category","embeddable":true,"href":"https:\/\/www.sudoestehoje.com.br\/novoportal\/wp-json\/wp\/v2\/categories?post=42043"},{"taxonomy":"post_tag","embeddable":true,"href":"https:\/\/www.sudoestehoje.com.br\/novoportal\/wp-json\/wp\/v2\/tags?post=42043"}],"curies":[{"name":"wp","href":"https:\/\/api.w.org\/{rel}","templated":true}]}}