
{"id":42040,"date":"2014-09-18T23:17:31","date_gmt":"2014-09-19T02:17:31","guid":{"rendered":"http:\/\/www.sudoestehoje.com.br\/novoportal\/?p=42040"},"modified":"2014-09-18T23:17:31","modified_gmt":"2014-09-19T02:17:31","slug":"itororo-rubinho-cordeiro-acende-velas-para-santos-diferentes","status":"publish","type":"post","link":"https:\/\/www.sudoestehoje.com.br\/novoportal\/2014\/09\/18\/itororo-rubinho-cordeiro-acende-velas-para-santos-diferentes\/","title":{"rendered":"ITOROR\u00d3: RUBINHO CORDEIRO ACENDE VELAS PARA SANTOS DIFERENTES"},"content":{"rendered":"<p class=\"yiv3202618403MsoNormal\" style=\"color: #000000;\"><a href=\"http:\/\/www.sudoestehoje.com.br\/novoportal\/wp-content\/uploads\/2014\/09\/RUBINHO-E-CIA.jpg\"><img loading=\"lazy\" decoding=\"async\" class=\"aligncenter size-medium wp-image-42041\" src=\"http:\/\/www.sudoestehoje.com.br\/novoportal\/wp-content\/uploads\/2014\/09\/RUBINHO-E-CIA-500x484.jpg\" alt=\"RUBINHO E CIA\" width=\"500\" height=\"484\" srcset=\"https:\/\/www.sudoestehoje.com.br\/novoportal\/wp-content\/uploads\/2014\/09\/RUBINHO-E-CIA-500x484.jpg 500w, https:\/\/www.sudoestehoje.com.br\/novoportal\/wp-content\/uploads\/2014\/09\/RUBINHO-E-CIA-700x677.jpg 700w, https:\/\/www.sudoestehoje.com.br\/novoportal\/wp-content\/uploads\/2014\/09\/RUBINHO-E-CIA.jpg 1548w\" sizes=\"auto, (max-width: 500px) 100vw, 500px\" \/><\/a><\/p>\n<p id=\"yui_3_16_0_1_1411092236655_9258\" class=\"yiv3202618403MsoNormal\" style=\"color: #000000;\"><strong><em>Por Milton Marinho\u00a0<\/em><\/strong><\/p>\n<p id=\"yui_3_16_0_1_1411092236655_4333\" class=\"yiv3202618403MsoNormal\" style=\"color: #000000;\"><span id=\"yui_3_16_0_1_1411092236655_4332\">Na pol\u00edtica, o termo acender uma vela para Deus e outra para o diabo \u00e9 muito comum. Isto se d\u00e1 quando o cabo eleitoral, ou quando cidad\u00e3o considerado lideran\u00e7a no munic\u00edpio se aproveita de ocasi\u00f5es que o coloca em posi\u00e7\u00e3o estrategicamente \u201cconfort\u00e1vel\u201d sob o ponto de vista do oportunismo eleitoral, deixando a sociedade entrever que o \u201cdistinto\u201d, assim se disp\u00f5e para se dar bem de qualquer jeito em ambos os lados.\u00a0<\/span>Isso tamb\u00e9m se aplica certamente \u00e0quelas pessoas ambiciosas ao extremo; que n\u00e3o se satisfazem somente com o que lhe \u00e9 necess\u00e1rio, com o que est\u00e1 ao seu alcance; enfim, pessoas que fazem qualquer coisa para conseguir o que querem a todo custo.<span class=\"yiv3202618403\">\u00a0<\/span><\/p>\n<p id=\"yui_3_16_0_1_1411092236655_9261\" class=\"yiv3202618403MsoNormal\" style=\"color: #000000;\">Rubinho que \u00e9 do PT, agora resolveu fazer campanha para um candidato que \u00e9 aliado do inimigo do partido dele, o deputado Erivelton Santana que est\u00e1 com Paulo Souto e a turma do DEM. Do ponto de vista social, estes nomes representam para a esquerda do PT, um retrocesso sem igual. Ent\u00e3o, como \u00e9 que pode isso?<\/p>\n<p id=\"yui_3_16_0_1_1411092236655_9264\" class=\"yiv3202618403MsoNormal\" style=\"color: #000000;\">Na realidade, o radialista Rubinho desconhece a cartilha do partido em que est\u00e1 filiado, partido esse, que, por mais de cinco anos, comeu e se lambuzou do prato que agora cospe; assim, como tamb\u00e9m desconhece a b\u00edblia que ele diz pregar. B\u00f3ia ele, na superf\u00edcie desses dois mares: o da religi\u00e3o, e o da pol\u00edtica, sem ci\u00eancia em nenhum dos dois; at\u00e9 porque, para que ci\u00eancia? O neg\u00f3cio \u00e9 governar na bistunta.<!--more--><\/p>\n<p class=\"yiv3202618403MsoNormal\" style=\"color: #000000;\">Na pol\u00edtica, o dinheiro fala mais alto; na religi\u00e3o, Rubinho fica pendurado num \u00fanico bord\u00e3o: \u201cDeus est\u00e1 no controle\u201d utilizando o slogan como propaganda ao seu favor, como se n\u00e3o soub\u00e9ssemos dessa condi\u00e7\u00e3o, achando que Deus n\u00e3o sabe dos seus malabarismos, no intuito de Transform\u00e1-lo em seu mais poderoso cabo eleitoral.<\/p>\n<p id=\"yui_3_16_0_1_1411092236655_9269\" class=\"yiv3202618403MsoNormal\" style=\"color: #000000;\">O Brasil est\u00e1 cheio dessas figuras em busca do poder, que, em curto espa\u00e7o e tempo, s\u00f3 vamos saber quem elas s\u00e3o de verdade quando dermos o poder a elas. Tratando de Itoror\u00f3, quem n\u00e3o se lembra de Adroaldo? \u2013 Todas elas, s\u00e3o figuras leg\u00edtimas, permitidas pela parte perniciosa e m\u00e1 da democracia, lugar, onde Rubinho se formou em busca de poder, e que at\u00e9 hoje se localiza, construindo seu progresso particular para ocupar mais espa\u00e7o na vida p\u00fablica.<\/p>\n<p class=\"yiv3202618403MsoNormal\" style=\"color: #000000;\">Se, por acaso, um dia, ele conseguir fazer essa fus\u00e3o, juntar trairagem, ast\u00facia e messianismo, a alquimia pode dar certo, e ele, na calada da noite vire uma autoridade no munic\u00edpio, e, ser\u00e1 mais um prefeito com todos os predicativos dos demais que elegemos nos \u00faltimos anos. Enquanto isso, o nosso radialista, de sua moita, continua acendendo velas para todos os deuses da pol\u00edtica baiana em busca de uma ben\u00e7\u00e3o financeira, que alimentar\u00e1 cada vez mais a sua desmesurada ambi\u00e7\u00e3o.<\/p>\n<p class=\"yiv3202618403MsoNormal\" style=\"color: #000000;\">Se Erivelton Santana e Paulo Souto vencerem as elei\u00e7\u00f5es ele se arma. Paralelamente trai o seu partido dando um \u201ccano de carro\u00e7aria\u201d em seus l\u00edderes Adroaldo e Geraldo Sim\u00f5es; eles est\u00e3o engolindo tudo isso, em nome de uma meia sola, ou uma \u201cmea culpa\u201d, feita por Rubinho de n\u00e3o est\u00e1 de um todo desligado do partido, apoiando o estadual do PT Rosemberg Pinto.<\/p>\n<p id=\"yui_3_16_0_1_1411092236655_9281\" class=\"yiv3202618403MsoNormal\" style=\"color: #000000;\">Rubinho, nessa elei\u00e7\u00e3o, talvez n\u00e3o tenha exclusividade nessa mat\u00e9ria de acender suas velinhas para os seus deuses, mas que soa estranho voc\u00ea votar e pedir voto para um candidato advers\u00e1rio mantendo um toco de vela acesa no casti\u00e7al de sua casa, ah, isso \u00e9 muito estranho.<\/p>\n<p id=\"yui_3_16_0_1_1411092236655_9279\" class=\"yiv3202618403MsoNormal\" style=\"color: #000000;\">Diante dessa patifaria toda, Deus n\u00e3o participa. Ele desliga o controle.<\/p>\n<p id=\"yui_3_16_0_1_1411092236655_9274\" class=\"yiv3202618403MsoNormal\" style=\"color: #000000;\">\n","protected":false},"excerpt":{"rendered":"<p>Por Milton Marinho\u00a0 Na pol\u00edtica, o termo acender uma vela para Deus e outra para o diabo \u00e9 muito comum. Isto se d\u00e1 quando o cabo eleitoral, ou quando cidad\u00e3o considerado lideran\u00e7a no munic\u00edpio se aproveita de ocasi\u00f5es que o coloca em posi\u00e7\u00e3o estrategicamente \u201cconfort\u00e1vel\u201d sob o ponto de vista do oportunismo eleitoral, deixando a [&hellip;]<\/p>\n","protected":false},"author":2,"featured_media":0,"comment_status":"open","ping_status":"open","sticky":false,"template":"","format":"standard","meta":{"footnotes":"","_links_to":"","_links_to_target":""},"categories":[1],"tags":[],"class_list":["post-42040","post","type-post","status-publish","format-standard","hentry","category-geral"],"views":1299,"_links":{"self":[{"href":"https:\/\/www.sudoestehoje.com.br\/novoportal\/wp-json\/wp\/v2\/posts\/42040","targetHints":{"allow":["GET"]}}],"collection":[{"href":"https:\/\/www.sudoestehoje.com.br\/novoportal\/wp-json\/wp\/v2\/posts"}],"about":[{"href":"https:\/\/www.sudoestehoje.com.br\/novoportal\/wp-json\/wp\/v2\/types\/post"}],"author":[{"embeddable":true,"href":"https:\/\/www.sudoestehoje.com.br\/novoportal\/wp-json\/wp\/v2\/users\/2"}],"replies":[{"embeddable":true,"href":"https:\/\/www.sudoestehoje.com.br\/novoportal\/wp-json\/wp\/v2\/comments?post=42040"}],"version-history":[{"count":1,"href":"https:\/\/www.sudoestehoje.com.br\/novoportal\/wp-json\/wp\/v2\/posts\/42040\/revisions"}],"predecessor-version":[{"id":42042,"href":"https:\/\/www.sudoestehoje.com.br\/novoportal\/wp-json\/wp\/v2\/posts\/42040\/revisions\/42042"}],"wp:attachment":[{"href":"https:\/\/www.sudoestehoje.com.br\/novoportal\/wp-json\/wp\/v2\/media?parent=42040"}],"wp:term":[{"taxonomy":"category","embeddable":true,"href":"https:\/\/www.sudoestehoje.com.br\/novoportal\/wp-json\/wp\/v2\/categories?post=42040"},{"taxonomy":"post_tag","embeddable":true,"href":"https:\/\/www.sudoestehoje.com.br\/novoportal\/wp-json\/wp\/v2\/tags?post=42040"}],"curies":[{"name":"wp","href":"https:\/\/api.w.org\/{rel}","templated":true}]}}