
{"id":42033,"date":"2014-09-18T18:20:53","date_gmt":"2014-09-18T21:20:53","guid":{"rendered":"http:\/\/www.sudoestehoje.com.br\/novoportal\/?p=42033"},"modified":"2014-09-18T22:39:16","modified_gmt":"2014-09-19T01:39:16","slug":"aecio-neves-faz-campanha-em-itabuna","status":"publish","type":"post","link":"https:\/\/www.sudoestehoje.com.br\/novoportal\/2014\/09\/18\/aecio-neves-faz-campanha-em-itabuna\/","title":{"rendered":"A\u00c9CIO NEVES FAZ CAMPANHA EM ITABUNA"},"content":{"rendered":"<p><a href=\"http:\/\/www.sudoestehoje.com.br\/novoportal\/wp-content\/uploads\/2014\/09\/itabuna.jpg\"><img loading=\"lazy\" decoding=\"async\" class=\"aligncenter size-medium wp-image-42038\" src=\"http:\/\/www.sudoestehoje.com.br\/novoportal\/wp-content\/uploads\/2014\/09\/itabuna-500x337.jpg\" alt=\"itabuna\" width=\"500\" height=\"337\" srcset=\"https:\/\/www.sudoestehoje.com.br\/novoportal\/wp-content\/uploads\/2014\/09\/itabuna-500x337.jpg 500w, https:\/\/www.sudoestehoje.com.br\/novoportal\/wp-content\/uploads\/2014\/09\/itabuna-700x472.jpg 700w, https:\/\/www.sudoestehoje.com.br\/novoportal\/wp-content\/uploads\/2014\/09\/itabuna.jpg 960w\" sizes=\"auto, (max-width: 500px) 100vw, 500px\" \/><\/a><\/p>\n<p>O candidato do PSDB \u00e0 Presid\u00eancia da Rep\u00fablica, A\u00e9cio Neves, fez campanha em Itabuna, na Bahia, nesta quinta-feira. Ele disse que est\u00e1 \u201cotimista\u201d com a possibilidade de chegar ao segundo turno e voltou a tratar o PT, partido da presidente Dilma Rousseff que concorre \u00e0 reelei\u00e7\u00e3o, como principal rival a ser vencido no pleito.<\/p>\n<p>Na vis\u00e3o dele, diferentemente do que pensa a outra advers\u00e1ria, a ex-ministra Marina Silva (PSB), a campanha dele \u201cencarna melhor\u201d o prop\u00f3sito de retirar os petistas do governo federal. \u201cQuem pode vencer de verdade o PT e permitir o Brasil voltar a crescer e a vida das pessoas melhorar, \u00e9 a nossa candidatura. E isso vai ficando cada vez mais claro.\u201d, disse.<\/p>\n<p>O senador mineiro estava acompanhado do candidato do DEM ao governo do estado, Paulo Souto, e do prefeito de Salvador, ACM Neto. O peemedebista Geddel Veira Lima, que disputa a vaga para o Senado, tamb\u00e9m estava na comitiva.<\/p>\n","protected":false},"excerpt":{"rendered":"<p>O candidato do PSDB \u00e0 Presid\u00eancia da Rep\u00fablica, A\u00e9cio Neves, fez campanha em Itabuna, na Bahia, nesta quinta-feira. Ele disse que est\u00e1 \u201cotimista\u201d com a possibilidade de chegar ao segundo turno e voltou a tratar o PT, partido da presidente Dilma Rousseff que concorre \u00e0 reelei\u00e7\u00e3o, como principal rival a ser vencido no pleito. Na [&hellip;]<\/p>\n","protected":false},"author":2,"featured_media":0,"comment_status":"open","ping_status":"open","sticky":false,"template":"","format":"standard","meta":{"footnotes":"","_links_to":"","_links_to_target":""},"categories":[1],"tags":[],"class_list":["post-42033","post","type-post","status-publish","format-standard","hentry","category-geral"],"views":1191,"_links":{"self":[{"href":"https:\/\/www.sudoestehoje.com.br\/novoportal\/wp-json\/wp\/v2\/posts\/42033","targetHints":{"allow":["GET"]}}],"collection":[{"href":"https:\/\/www.sudoestehoje.com.br\/novoportal\/wp-json\/wp\/v2\/posts"}],"about":[{"href":"https:\/\/www.sudoestehoje.com.br\/novoportal\/wp-json\/wp\/v2\/types\/post"}],"author":[{"embeddable":true,"href":"https:\/\/www.sudoestehoje.com.br\/novoportal\/wp-json\/wp\/v2\/users\/2"}],"replies":[{"embeddable":true,"href":"https:\/\/www.sudoestehoje.com.br\/novoportal\/wp-json\/wp\/v2\/comments?post=42033"}],"version-history":[{"count":3,"href":"https:\/\/www.sudoestehoje.com.br\/novoportal\/wp-json\/wp\/v2\/posts\/42033\/revisions"}],"predecessor-version":[{"id":42039,"href":"https:\/\/www.sudoestehoje.com.br\/novoportal\/wp-json\/wp\/v2\/posts\/42033\/revisions\/42039"}],"wp:attachment":[{"href":"https:\/\/www.sudoestehoje.com.br\/novoportal\/wp-json\/wp\/v2\/media?parent=42033"}],"wp:term":[{"taxonomy":"category","embeddable":true,"href":"https:\/\/www.sudoestehoje.com.br\/novoportal\/wp-json\/wp\/v2\/categories?post=42033"},{"taxonomy":"post_tag","embeddable":true,"href":"https:\/\/www.sudoestehoje.com.br\/novoportal\/wp-json\/wp\/v2\/tags?post=42033"}],"curies":[{"name":"wp","href":"https:\/\/api.w.org\/{rel}","templated":true}]}}