
{"id":42013,"date":"2014-09-17T17:01:37","date_gmt":"2014-09-17T20:01:37","guid":{"rendered":"http:\/\/www.sudoestehoje.com.br\/novoportal\/?p=42013"},"modified":"2014-09-17T17:13:47","modified_gmt":"2014-09-17T20:13:47","slug":"42013","status":"publish","type":"post","link":"https:\/\/www.sudoestehoje.com.br\/novoportal\/2014\/09\/17\/42013\/","title":{"rendered":"FOCO NO PODER"},"content":{"rendered":"<p style=\"color: #171512;\"><img loading=\"lazy\" decoding=\"async\" class=\"aligncenter\" src=\"http:\/\/www.blogdodigadiga.com.br\/v1\/wp-content\/uploads\/2014\/08\/foco-no-poder-1-e1408323102169.jpg\" alt=\"-\" width=\"519\" height=\"192\" \/><\/p>\n<p style=\"color: #171512;\"><strong><em>Por Dilvan Coelho<\/em><\/strong><\/p>\n<p style=\"color: #171512;\"><em>Estamos chegando na reta final<\/em><\/p>\n<p style=\"color: #171512;\">A campanha eleitoral est\u00e1 chegando na reta final e as elei\u00e7\u00f5es presidenciais ainda n\u00e3o est\u00e3o definidas, qualquer um dos tr\u00eas candidatos ainda poder\u00e1 ganhar; se bem que A\u00e9cio Neves tem poucas chances de chegar ao segundo turno. A elei\u00e7\u00e3o dever\u00e1 ser definida entre Dilma e Marina no segundo turno. Segundo a pesquisa do Instituto Vox Populli, as duas hoje est\u00e3o empatadas; Marina chegou a estar na frente 10% e hoje corre o risco de perder no segundo turno.<\/p>\n<p style=\"color: #171512;\"><em>Na Bahia, pode acontecer uma zebra\u00a0<\/em><\/p>\n<p style=\"color: #171512;\">A \u00faltima pesquisa do Ibope aponta a vit\u00f3ria de Paulo Souto no primeiro turno, isso porque ele continua crescendo e hoje j\u00e1 est\u00e1 com 46% e, provavelmente, crescer\u00e1 mais ainda. Entretanto, na disputa para o senado poder\u00e1 dar uma zebra: o senador pode ser o candidato da outra chapa, Otto Alencar. Se isso vir a acontecer, vai ser um caso inusitado, porque os senadores eleitos geralmente s\u00e3o do mesmo lado do candidato ao governo que ganha a elei\u00e7\u00e3o. Na elei\u00e7\u00e3o de 2010, C\u00e9sar Borges era considerado favorito, no entanto, os que se elegeram foram os candidatos aliados de Jaques Wagner: L\u00eddice da Mata e Walter Pinheiro.<\/p>\n<p style=\"color: #171512;\"><em>Tim\u00f3teo Brito \u00e9 considerado eleito\u00a0<\/em><\/p>\n<p style=\"color: #171512;\">O \u201cBahia Not\u00edcias\u201d publicou que o deputado Tim\u00f3teo Brito est\u00e1 na lista dos que provavelmente ser\u00e3o reeleitos. Al\u00e9m de ter uma base eleitoral forte em Teixeira de Freitas e regi\u00e3o, ele est\u00e1 abrindo espa\u00e7o no Sudoeste da Bahia e em Tucano com apoio integral de Otto Alencar. Em Tucano ele pode ter cerca de 7 mil votos. No Sudoeste, Tim\u00f3teo est\u00e1 disputando bem em 5 munic\u00edpios, aonde conta com o apoio de lideran\u00e7as fortes. Pesquisas recentes o colocam numa situa\u00e7\u00e3o confort\u00e1vel e poder\u00e1 ser o mais votado em pelo menos tr\u00eas deles.<!--more--><\/p>\n<p style=\"color: #171512;\"><em>Desenvolvimento sustent\u00e1vel\u00a0<\/em><\/p>\n<p style=\"color: #171512;\">A regi\u00e3o Sudoeste da Bahia, cuja sede \u00e9 Itapetinga, vivencia hoje uma grave crise de desemprego devido ao fechamento da Azaleia, que chegou a gerar 22 mil empregos e, hoje, tem apenas 5 mil devido a crise mundial na ind\u00fastria cal\u00e7adista. A busca de alternativas deve ser focada na voca\u00e7\u00e3o natural da regi\u00e3o. \u00c9 preciso industrializar produtos que a regi\u00e3o produz, ou seja, gerados pela produ\u00e7\u00e3o agropecu\u00e1ria como o coro e os produtos derivados do leite. Al\u00e9m disso, existem outras op\u00e7\u00f5es que podem ser ativadas como a industrializa\u00e7\u00e3o, de sucos de v\u00e1rias frutas que podem ser incentivadas a produzir. O fechamento da Azaleia era previs\u00edvel, tendo em vista que quando acaba o subs\u00eddio a tend\u00eancia desse tipo de ind\u00fastria \u00e9 ir embora.<\/p>\n<p style=\"color: #171512;\"><em>Teixeira de Freitas inaugura aeroporto\u00a0<\/em><\/p>\n<p style=\"color: #171512;\">O governador Jaques Wagner inaugurou recentemente o aeroporto de Teixeira que passar\u00e1 a ter voos regulares a partir do pr\u00f3ximo dia 29 de setembro. Al\u00e9m do aeroporto, foi inaugurada tamb\u00e9m a Universidade Federal, que ofertar\u00e1 o curso de medicina. No final de outubro dever\u00e1 ser inaugurado tamb\u00e9m o Shopping Patio Mix, com v\u00e1rias lojas ancoras de renome nacional. Certamente, estes tr\u00eas equipamentos urbanos ir\u00e3o ajudar desenvolver mais ainda a cidade, mas, precisa urgentemente de infraestrutura para criar condi\u00e7\u00f5es de melhor qualidade de vida.<\/p>\n","protected":false},"excerpt":{"rendered":"<p>Por Dilvan Coelho Estamos chegando na reta final A campanha eleitoral est\u00e1 chegando na reta final e as elei\u00e7\u00f5es presidenciais ainda n\u00e3o est\u00e3o definidas, qualquer um dos tr\u00eas candidatos ainda poder\u00e1 ganhar; se bem que A\u00e9cio Neves tem poucas chances de chegar ao segundo turno. A elei\u00e7\u00e3o dever\u00e1 ser definida entre Dilma e Marina no [&hellip;]<\/p>\n","protected":false},"author":2,"featured_media":0,"comment_status":"open","ping_status":"open","sticky":false,"template":"","format":"standard","meta":{"footnotes":"","_links_to":"","_links_to_target":""},"categories":[1],"tags":[],"class_list":["post-42013","post","type-post","status-publish","format-standard","hentry","category-geral"],"views":1152,"_links":{"self":[{"href":"https:\/\/www.sudoestehoje.com.br\/novoportal\/wp-json\/wp\/v2\/posts\/42013","targetHints":{"allow":["GET"]}}],"collection":[{"href":"https:\/\/www.sudoestehoje.com.br\/novoportal\/wp-json\/wp\/v2\/posts"}],"about":[{"href":"https:\/\/www.sudoestehoje.com.br\/novoportal\/wp-json\/wp\/v2\/types\/post"}],"author":[{"embeddable":true,"href":"https:\/\/www.sudoestehoje.com.br\/novoportal\/wp-json\/wp\/v2\/users\/2"}],"replies":[{"embeddable":true,"href":"https:\/\/www.sudoestehoje.com.br\/novoportal\/wp-json\/wp\/v2\/comments?post=42013"}],"version-history":[{"count":4,"href":"https:\/\/www.sudoestehoje.com.br\/novoportal\/wp-json\/wp\/v2\/posts\/42013\/revisions"}],"predecessor-version":[{"id":42017,"href":"https:\/\/www.sudoestehoje.com.br\/novoportal\/wp-json\/wp\/v2\/posts\/42013\/revisions\/42017"}],"wp:attachment":[{"href":"https:\/\/www.sudoestehoje.com.br\/novoportal\/wp-json\/wp\/v2\/media?parent=42013"}],"wp:term":[{"taxonomy":"category","embeddable":true,"href":"https:\/\/www.sudoestehoje.com.br\/novoportal\/wp-json\/wp\/v2\/categories?post=42013"},{"taxonomy":"post_tag","embeddable":true,"href":"https:\/\/www.sudoestehoje.com.br\/novoportal\/wp-json\/wp\/v2\/tags?post=42013"}],"curies":[{"name":"wp","href":"https:\/\/api.w.org\/{rel}","templated":true}]}}