
{"id":42007,"date":"2014-09-17T17:14:14","date_gmt":"2014-09-17T20:14:14","guid":{"rendered":"http:\/\/www.sudoestehoje.com.br\/novoportal\/?p=42007"},"modified":"2014-09-17T17:14:48","modified_gmt":"2014-09-17T20:14:48","slug":"vereador-alfredo-cabral-aposta-em-davidson-magalhaes-para-federal","status":"publish","type":"post","link":"https:\/\/www.sudoestehoje.com.br\/novoportal\/2014\/09\/17\/vereador-alfredo-cabral-aposta-em-davidson-magalhaes-para-federal\/","title":{"rendered":"VEREADOR ALFREDO CABRAL APOSTA EM DAVIDSON MAGALH\u00c3ES PARA FEDERAL"},"content":{"rendered":"<p style=\"color: #666666;\"><a href=\"http:\/\/www.sudoestehoje.com.br\/novoportal\/wp-content\/uploads\/2014\/09\/Lagoa-Indoor-2014-5.jpg\"><img loading=\"lazy\" decoding=\"async\" class=\"aligncenter  wp-image-42008\" src=\"http:\/\/www.sudoestehoje.com.br\/novoportal\/wp-content\/uploads\/2014\/09\/Lagoa-Indoor-2014-5.jpg\" alt=\"Lagoa-Indoor-2014-5\" width=\"497\" height=\"373\" \/><\/a><\/p>\n<p style=\"color: #666666;\">Nestas elei\u00e7\u00f5es, o atuante vereador Alfredo Cabral de Assis (PSD) optou pela reelei\u00e7\u00e3o da deputada estadual do seu partido, \u00c2ngela Souza, que j\u00e1 havia contado com seu apoio dsde 2010. Para deputado federal, entretanto, a aposta de Alfredo Cabral \u00e9 o candidato Davidson Magalh\u00e3es (PCdoB), que disputa o pleito pela primeira vez, mas j\u00e1 figura na lista dos prov\u00e1veis eleitos, segundo pesquisas divulgadas pela m\u00eddia especializada.<\/p>\n<p style=\"color: #666666;\">Natural de Itabuna-BA, Davidson Magalh\u00e3es \u00e9 mestre em economia pela Universidade Federal da Bahia (UFBA) e doutorando em Desenvolvimento Regional e Urbano pela Universidade Salvador (UNIFACS).<\/p>\n<p style=\"color: #666666;\">Davidson ocupou o cargo de diretor-presidente da Companhia de G\u00e1s da Bahia \u2013 Bahiag\u00e1s e foi membro do Conselho de Administra\u00e7\u00e3o desta empresa.<\/p>\n<p style=\"color: #666666;\"><a href=\"http:\/\/www.sudoestehoje.com.br\/novoportal\/wp-content\/uploads\/2014\/09\/davidsom-e-alfredo-500x333-1.jpg\"><img loading=\"lazy\" decoding=\"async\" class=\"aligncenter size-full wp-image-42011\" src=\"http:\/\/www.sudoestehoje.com.br\/novoportal\/wp-content\/uploads\/2014\/09\/davidsom-e-alfredo-500x333-1.jpg\" alt=\"davidsom-e-alfredo-500x333 (1)\" width=\"500\" height=\"333\" \/><\/a><\/p>\n<p style=\"color: #666666;\">Professor de Economia da Universidade Estadual da Bahia (UNEB) foi eleito vereador por dois mandatos (1989 a 1996). J\u00e1 exerceu a fun\u00e7\u00e3o de secret\u00e1rio de Ind\u00fastria, Com\u00e9rcio e Turismo de Itabuna. Foi coordenador de atividades para o Nordeste da Ag\u00eancia Nacional do Petr\u00f3leo, G\u00e1s Natural e Biocombust\u00edvel (ANP).<\/p>\n<p style=\"color: #666666;\">Foi tamb\u00e9m presidente do Conselho Fiscal da Neoenergia (2006), vice-presidente da Associa\u00e7\u00e3o Brasileira das Empresas Distribuidoras de G\u00e1s Canalizado \u2013 Abeg\u00e1s (2007-2009) e membro do Conselho Fiscal da Coelba (2004-2005). Em 2006, publicou pela editora paulista Anita Garibaldi, o livro \u201cGlobaliza\u00e7\u00e3o do Capital e os Estados Nacionais\u201d.<\/p>\n<p style=\"color: #666666;\">Davidson Magalh\u00e3es \u00e9 vice \u2013 presidente do Partido Comunista do Brasil (PCdoB) na Bahia.<\/p>\n","protected":false},"excerpt":{"rendered":"<p>Nestas elei\u00e7\u00f5es, o atuante vereador Alfredo Cabral de Assis (PSD) optou pela reelei\u00e7\u00e3o da deputada estadual do seu partido, \u00c2ngela Souza, que j\u00e1 havia contado com seu apoio dsde 2010. Para deputado federal, entretanto, a aposta de Alfredo Cabral \u00e9 o candidato Davidson Magalh\u00e3es (PCdoB), que disputa o pleito pela primeira vez, mas j\u00e1 figura [&hellip;]<\/p>\n","protected":false},"author":2,"featured_media":0,"comment_status":"open","ping_status":"open","sticky":false,"template":"","format":"standard","meta":{"footnotes":"","_links_to":"","_links_to_target":""},"categories":[1],"tags":[],"class_list":["post-42007","post","type-post","status-publish","format-standard","hentry","category-geral"],"views":1165,"_links":{"self":[{"href":"https:\/\/www.sudoestehoje.com.br\/novoportal\/wp-json\/wp\/v2\/posts\/42007","targetHints":{"allow":["GET"]}}],"collection":[{"href":"https:\/\/www.sudoestehoje.com.br\/novoportal\/wp-json\/wp\/v2\/posts"}],"about":[{"href":"https:\/\/www.sudoestehoje.com.br\/novoportal\/wp-json\/wp\/v2\/types\/post"}],"author":[{"embeddable":true,"href":"https:\/\/www.sudoestehoje.com.br\/novoportal\/wp-json\/wp\/v2\/users\/2"}],"replies":[{"embeddable":true,"href":"https:\/\/www.sudoestehoje.com.br\/novoportal\/wp-json\/wp\/v2\/comments?post=42007"}],"version-history":[{"count":3,"href":"https:\/\/www.sudoestehoje.com.br\/novoportal\/wp-json\/wp\/v2\/posts\/42007\/revisions"}],"predecessor-version":[{"id":42012,"href":"https:\/\/www.sudoestehoje.com.br\/novoportal\/wp-json\/wp\/v2\/posts\/42007\/revisions\/42012"}],"wp:attachment":[{"href":"https:\/\/www.sudoestehoje.com.br\/novoportal\/wp-json\/wp\/v2\/media?parent=42007"}],"wp:term":[{"taxonomy":"category","embeddable":true,"href":"https:\/\/www.sudoestehoje.com.br\/novoportal\/wp-json\/wp\/v2\/categories?post=42007"},{"taxonomy":"post_tag","embeddable":true,"href":"https:\/\/www.sudoestehoje.com.br\/novoportal\/wp-json\/wp\/v2\/tags?post=42007"}],"curies":[{"name":"wp","href":"https:\/\/api.w.org\/{rel}","templated":true}]}}