
{"id":41995,"date":"2014-09-16T23:51:19","date_gmt":"2014-09-17T02:51:19","guid":{"rendered":"http:\/\/www.sudoestehoje.com.br\/novoportal\/?p=41995"},"modified":"2014-09-16T23:53:45","modified_gmt":"2014-09-17T02:53:45","slug":"41995","status":"publish","type":"post","link":"https:\/\/www.sudoestehoje.com.br\/novoportal\/2014\/09\/16\/41995\/","title":{"rendered":"CHAPA DE OPOSI\u00c7\u00c3O FAZ CAMPANHA COM A\u00c9CIO EM ITABUNA NESTA QUINTA"},"content":{"rendered":"<p><a href=\"http:\/\/www.sudoestehoje.com.br\/novoportal\/wp-content\/uploads\/2014\/09\/1-a-2.jpg\"><img loading=\"lazy\" decoding=\"async\" class=\"aligncenter size-medium wp-image-41996\" src=\"http:\/\/www.sudoestehoje.com.br\/novoportal\/wp-content\/uploads\/2014\/09\/1-a-2-500x333.jpg\" alt=\"1 a 2\" width=\"500\" height=\"333\" srcset=\"https:\/\/www.sudoestehoje.com.br\/novoportal\/wp-content\/uploads\/2014\/09\/1-a-2-500x333.jpg 500w, https:\/\/www.sudoestehoje.com.br\/novoportal\/wp-content\/uploads\/2014\/09\/1-a-2-700x467.jpg 700w, https:\/\/www.sudoestehoje.com.br\/novoportal\/wp-content\/uploads\/2014\/09\/1-a-2.jpg 1600w\" sizes=\"auto, (max-width: 500px) 100vw, 500px\" \/><\/a><\/p>\n<p><span style=\"color: #444444;\">Os candidatos a governador Paulo Souto (DEM), a vice Joaci G\u00f3es (PSDB) e ao Senado Geddel Vieira Lima (PMDB) ir\u00e3o acompanhar o presidenci\u00e1vel A\u00e9cio Neves(PSDB) na<\/span><span style=\"color: #006400;\"><strong>\u00a0<\/strong><\/span><span style=\"color: #444444;\">agenda de campanha no sul do estado, em Itabuna. <\/span><\/p>\n<p><span style=\"color: #444444;\">O evento contar\u00e1 ainda com a presen\u00e7a do prefeito de Salvador, ACM Neto (DEM), confirmando a informa\u00e7\u00e3o de que este ter\u00e1, a partir de agora, maior participa\u00e7\u00e3o na campanha de Paulo Souto.<\/span><\/p>\n<p><span style=\"color: #444444;\">A\u00e9cio Neves deve fazer caminhada na cidade na quinta-feira (18) pela manh\u00e3 e n\u00e3o tem outros compromissos agendados na Bahia.<\/span><\/p>\n","protected":false},"excerpt":{"rendered":"<p>Os candidatos a governador Paulo Souto (DEM), a vice Joaci G\u00f3es (PSDB) e ao Senado Geddel Vieira Lima (PMDB) ir\u00e3o acompanhar o presidenci\u00e1vel A\u00e9cio Neves(PSDB) na\u00a0agenda de campanha no sul do estado, em Itabuna. O evento contar\u00e1 ainda com a presen\u00e7a do prefeito de Salvador, ACM Neto (DEM), confirmando a informa\u00e7\u00e3o de que este ter\u00e1, [&hellip;]<\/p>\n","protected":false},"author":2,"featured_media":0,"comment_status":"open","ping_status":"open","sticky":false,"template":"","format":"standard","meta":{"footnotes":"","_links_to":"","_links_to_target":""},"categories":[1],"tags":[],"class_list":["post-41995","post","type-post","status-publish","format-standard","hentry","category-geral"],"views":1197,"_links":{"self":[{"href":"https:\/\/www.sudoestehoje.com.br\/novoportal\/wp-json\/wp\/v2\/posts\/41995","targetHints":{"allow":["GET"]}}],"collection":[{"href":"https:\/\/www.sudoestehoje.com.br\/novoportal\/wp-json\/wp\/v2\/posts"}],"about":[{"href":"https:\/\/www.sudoestehoje.com.br\/novoportal\/wp-json\/wp\/v2\/types\/post"}],"author":[{"embeddable":true,"href":"https:\/\/www.sudoestehoje.com.br\/novoportal\/wp-json\/wp\/v2\/users\/2"}],"replies":[{"embeddable":true,"href":"https:\/\/www.sudoestehoje.com.br\/novoportal\/wp-json\/wp\/v2\/comments?post=41995"}],"version-history":[{"count":3,"href":"https:\/\/www.sudoestehoje.com.br\/novoportal\/wp-json\/wp\/v2\/posts\/41995\/revisions"}],"predecessor-version":[{"id":41999,"href":"https:\/\/www.sudoestehoje.com.br\/novoportal\/wp-json\/wp\/v2\/posts\/41995\/revisions\/41999"}],"wp:attachment":[{"href":"https:\/\/www.sudoestehoje.com.br\/novoportal\/wp-json\/wp\/v2\/media?parent=41995"}],"wp:term":[{"taxonomy":"category","embeddable":true,"href":"https:\/\/www.sudoestehoje.com.br\/novoportal\/wp-json\/wp\/v2\/categories?post=41995"},{"taxonomy":"post_tag","embeddable":true,"href":"https:\/\/www.sudoestehoje.com.br\/novoportal\/wp-json\/wp\/v2\/tags?post=41995"}],"curies":[{"name":"wp","href":"https:\/\/api.w.org\/{rel}","templated":true}]}}