
{"id":41965,"date":"2014-09-16T18:01:57","date_gmt":"2014-09-16T21:01:57","guid":{"rendered":"http:\/\/www.sudoestehoje.com.br\/novoportal\/?p=41965"},"modified":"2014-09-16T18:01:57","modified_gmt":"2014-09-16T21:01:57","slug":"paulo-souto-lamenta-morte-de-pedral","status":"publish","type":"post","link":"https:\/\/www.sudoestehoje.com.br\/novoportal\/2014\/09\/16\/paulo-souto-lamenta-morte-de-pedral\/","title":{"rendered":"PAULO SOUTO LAMENTA MORTE DE PEDRAL"},"content":{"rendered":"<p id=\"yui_3_16_0_1_1410899286442_4076\" style=\"color: #000000;\" align=\"center\"><a href=\"http:\/\/www.sudoestehoje.com.br\/novoportal\/wp-content\/uploads\/2014\/09\/DSC_1294.jpg\"><img loading=\"lazy\" decoding=\"async\" class=\"aligncenter size-full wp-image-41966\" src=\"http:\/\/www.sudoestehoje.com.br\/novoportal\/wp-content\/uploads\/2014\/09\/DSC_1294.jpg\" alt=\"DSC_1294\" width=\"500\" height=\"333\" \/><\/a><\/p>\n<p id=\"yui_3_16_0_1_1410899286442_4089\" style=\"color: #000000;\"><span id=\"yui_3_16_0_1_1410899286442_4092\">\u00a0<\/span>O candidato a governador, Paulo Souto, da coliga\u00e7\u00e3o \u201cUnidos pela Bahia\u201d, lamentou a morte do ex-prefeito de Vit\u00f3ria da Conquista, Pedral Sampaio, nesta ter\u00e7a-feira (16). <em>\u201cA pol\u00edtica baiana perde mais um ilustre homem p\u00fablico. Grande l\u00edder de Vit\u00f3ria da Conquista, Pedral Sampaio exerceu seu talento pol\u00edtico como prefeito da cidade por tr\u00eas mandatos\u201d, disse Souto, solidarizando-se com a fam\u00edlia. Em virtude do falecimento de Pedral Sampaio, foi cancelada a programa\u00e7\u00e3o da coliga\u00e7\u00e3o \u201cUnidos pela Bahia\u201d<\/em> em Vit\u00f3ria da Conquista, nesta quarta-feira (17).<\/p>\n<p style=\"color: #000000;\"><em>Ascom Paulo Souto<\/em><\/p>\n","protected":false},"excerpt":{"rendered":"<p>\u00a0O candidato a governador, Paulo Souto, da coliga\u00e7\u00e3o \u201cUnidos pela Bahia\u201d, lamentou a morte do ex-prefeito de Vit\u00f3ria da Conquista, Pedral Sampaio, nesta ter\u00e7a-feira (16). \u201cA pol\u00edtica baiana perde mais um ilustre homem p\u00fablico. Grande l\u00edder de Vit\u00f3ria da Conquista, Pedral Sampaio exerceu seu talento pol\u00edtico como prefeito da cidade por tr\u00eas mandatos\u201d, disse Souto, [&hellip;]<\/p>\n","protected":false},"author":2,"featured_media":0,"comment_status":"open","ping_status":"open","sticky":false,"template":"","format":"standard","meta":{"footnotes":"","_links_to":"","_links_to_target":""},"categories":[1],"tags":[],"class_list":["post-41965","post","type-post","status-publish","format-standard","hentry","category-geral"],"views":1231,"_links":{"self":[{"href":"https:\/\/www.sudoestehoje.com.br\/novoportal\/wp-json\/wp\/v2\/posts\/41965","targetHints":{"allow":["GET"]}}],"collection":[{"href":"https:\/\/www.sudoestehoje.com.br\/novoportal\/wp-json\/wp\/v2\/posts"}],"about":[{"href":"https:\/\/www.sudoestehoje.com.br\/novoportal\/wp-json\/wp\/v2\/types\/post"}],"author":[{"embeddable":true,"href":"https:\/\/www.sudoestehoje.com.br\/novoportal\/wp-json\/wp\/v2\/users\/2"}],"replies":[{"embeddable":true,"href":"https:\/\/www.sudoestehoje.com.br\/novoportal\/wp-json\/wp\/v2\/comments?post=41965"}],"version-history":[{"count":1,"href":"https:\/\/www.sudoestehoje.com.br\/novoportal\/wp-json\/wp\/v2\/posts\/41965\/revisions"}],"predecessor-version":[{"id":41967,"href":"https:\/\/www.sudoestehoje.com.br\/novoportal\/wp-json\/wp\/v2\/posts\/41965\/revisions\/41967"}],"wp:attachment":[{"href":"https:\/\/www.sudoestehoje.com.br\/novoportal\/wp-json\/wp\/v2\/media?parent=41965"}],"wp:term":[{"taxonomy":"category","embeddable":true,"href":"https:\/\/www.sudoestehoje.com.br\/novoportal\/wp-json\/wp\/v2\/categories?post=41965"},{"taxonomy":"post_tag","embeddable":true,"href":"https:\/\/www.sudoestehoje.com.br\/novoportal\/wp-json\/wp\/v2\/tags?post=41965"}],"curies":[{"name":"wp","href":"https:\/\/api.w.org\/{rel}","templated":true}]}}