
{"id":41962,"date":"2014-09-16T17:49:47","date_gmt":"2014-09-16T20:49:47","guid":{"rendered":"http:\/\/www.sudoestehoje.com.br\/novoportal\/?p=41962"},"modified":"2014-09-16T17:49:47","modified_gmt":"2014-09-16T20:49:47","slug":"geddel-lamenta-morte-de-pedral-2","status":"publish","type":"post","link":"https:\/\/www.sudoestehoje.com.br\/novoportal\/2014\/09\/16\/geddel-lamenta-morte-de-pedral-2\/","title":{"rendered":"GEDDEL LAMENTA MORTE DE PEDRAL"},"content":{"rendered":"<p style=\"text-align: center;\"><a href=\"http:\/\/www.sudoestehoje.com.br\/novoportal\/wp-content\/uploads\/2014\/09\/DSC_0413.jpg\"><img loading=\"lazy\" decoding=\"async\" class=\"aligncenter size-medium wp-image-41963\" src=\"http:\/\/www.sudoestehoje.com.br\/novoportal\/wp-content\/uploads\/2014\/09\/DSC_0413-500x331.jpg\" alt=\"DSC_0413\" width=\"500\" height=\"331\" srcset=\"https:\/\/www.sudoestehoje.com.br\/novoportal\/wp-content\/uploads\/2014\/09\/DSC_0413-500x331.jpg 500w, https:\/\/www.sudoestehoje.com.br\/novoportal\/wp-content\/uploads\/2014\/09\/DSC_0413.jpg 600w\" sizes=\"auto, (max-width: 500px) 100vw, 500px\" \/><\/a><span id=\"yui_3_16_0_1_1410899286442_2510\" style=\"color: #000000;\"><\/span><\/p>\n<p style=\"text-align: center;\"><em><span id=\"yui_3_16_0_1_1410899286442_2510\" style=\"color: #000000;\">NOTA DE PESAR<\/span><\/em><\/p>\n<p style=\"text-align: center;\"><span id=\"yui_3_16_0_1_1410899286442_2510\" style=\"color: #000000;\"><em>Venho, em meu nome e do PMDB, partido que eu presido na Bahia, me associar aos sentimentos de tristeza de familiares, amigos e admiradores de Pedral Sampaio, um dos homens p\u00fablicos mais \u00edntegros e honrados que Vit\u00f3ria da Conquista e a Bahia j\u00e1 conheceram.<\/em><\/span><br style=\"color: #000000;\" \/><br style=\"color: #000000;\" \/><em><span id=\"yui_3_16_0_1_1410899286442_2515\" style=\"color: #000000;\">Exemplo de administrador e pol\u00edtico, Pedral foi um dos principais quadros do PMDB e sempre despertou respeito e admira\u00e7\u00e3o dos baianos, durante toda a sua trajet\u00f3ria pol\u00edtica.<\/span><\/em><br style=\"color: #000000;\" \/><br style=\"color: #000000;\" \/><em><span style=\"color: #000000;\">Geddel Vieira Lima<\/span><\/em><br style=\"color: #000000;\" \/><em><span style=\"color: #000000;\">Presidente do PMDB da Bahia<\/span><\/em><\/p>\n","protected":false},"excerpt":{"rendered":"<p>NOTA DE PESAR Venho, em meu nome e do PMDB, partido que eu presido na Bahia, me associar aos sentimentos de tristeza de familiares, amigos e admiradores de Pedral Sampaio, um dos homens p\u00fablicos mais \u00edntegros e honrados que Vit\u00f3ria da Conquista e a Bahia j\u00e1 conheceram.Exemplo de administrador e pol\u00edtico, Pedral foi um dos [&hellip;]<\/p>\n","protected":false},"author":2,"featured_media":0,"comment_status":"open","ping_status":"open","sticky":false,"template":"","format":"standard","meta":{"footnotes":"","_links_to":"","_links_to_target":""},"categories":[1],"tags":[],"class_list":["post-41962","post","type-post","status-publish","format-standard","hentry","category-geral"],"views":1236,"_links":{"self":[{"href":"https:\/\/www.sudoestehoje.com.br\/novoportal\/wp-json\/wp\/v2\/posts\/41962","targetHints":{"allow":["GET"]}}],"collection":[{"href":"https:\/\/www.sudoestehoje.com.br\/novoportal\/wp-json\/wp\/v2\/posts"}],"about":[{"href":"https:\/\/www.sudoestehoje.com.br\/novoportal\/wp-json\/wp\/v2\/types\/post"}],"author":[{"embeddable":true,"href":"https:\/\/www.sudoestehoje.com.br\/novoportal\/wp-json\/wp\/v2\/users\/2"}],"replies":[{"embeddable":true,"href":"https:\/\/www.sudoestehoje.com.br\/novoportal\/wp-json\/wp\/v2\/comments?post=41962"}],"version-history":[{"count":1,"href":"https:\/\/www.sudoestehoje.com.br\/novoportal\/wp-json\/wp\/v2\/posts\/41962\/revisions"}],"predecessor-version":[{"id":41964,"href":"https:\/\/www.sudoestehoje.com.br\/novoportal\/wp-json\/wp\/v2\/posts\/41962\/revisions\/41964"}],"wp:attachment":[{"href":"https:\/\/www.sudoestehoje.com.br\/novoportal\/wp-json\/wp\/v2\/media?parent=41962"}],"wp:term":[{"taxonomy":"category","embeddable":true,"href":"https:\/\/www.sudoestehoje.com.br\/novoportal\/wp-json\/wp\/v2\/categories?post=41962"},{"taxonomy":"post_tag","embeddable":true,"href":"https:\/\/www.sudoestehoje.com.br\/novoportal\/wp-json\/wp\/v2\/tags?post=41962"}],"curies":[{"name":"wp","href":"https:\/\/api.w.org\/{rel}","templated":true}]}}