
{"id":41956,"date":"2014-09-16T17:38:46","date_gmt":"2014-09-16T20:38:46","guid":{"rendered":"http:\/\/www.sudoestehoje.com.br\/novoportal\/?p=41956"},"modified":"2014-09-16T17:40:09","modified_gmt":"2014-09-16T20:40:09","slug":"morre-pedral-sampaio-o-maior-lider-conquistense-do-seculo-xx","status":"publish","type":"post","link":"https:\/\/www.sudoestehoje.com.br\/novoportal\/2014\/09\/16\/morre-pedral-sampaio-o-maior-lider-conquistense-do-seculo-xx\/","title":{"rendered":"MORRE PEDRAL SAMPAIO, O MAIOR L\u00cdDER CONQUISTENSE DO S\u00c9CULO XX"},"content":{"rendered":"<p style=\"color: #000000;\"><a href=\"http:\/\/www.sudoestehoje.com.br\/novoportal\/wp-content\/uploads\/2014\/09\/PEDRAL.jpg\"><img loading=\"lazy\" decoding=\"async\" class=\"aligncenter  wp-image-41957\" src=\"http:\/\/www.sudoestehoje.com.br\/novoportal\/wp-content\/uploads\/2014\/09\/PEDRAL.jpg\" alt=\"PEDRAL\" width=\"485\" height=\"325\" \/><\/a><\/p>\n<p style=\"color: #000000;\"><strong><em>Blog da Resenha Geral<\/em><\/strong><\/p>\n<p style=\"color: #000000;\">Faleceu, na tarde desta ter\u00e7a-feira (16), o ex-prefeito de Vit\u00f3ria da Conquista Jos\u00e9 Fernandes Pedral Sampaio. Pedral estava internado no Hospital Samur desde a \u00faltima semana.<\/p>\n<p style=\"color: #000000;\">O pol\u00edtico, considerado uma das figuras mais hist\u00f3rias da cidade, vem passando por v\u00e1rias cirurgias nos \u00faltimos meses. Em maio, Pedral foi submetido a uma interven\u00e7\u00e3o cir\u00fargica ap\u00f3s ter sentido fortes dores abdominais.\u00a0Nas ultimas semanas, os internamentos do ex-prefeito vinha se tornando constantes.<\/p>\n<p style=\"color: #000000;\">Jos\u00e9 Pedral foi prefeito de Vit\u00f3ria da Conquista por tr\u00eas mandatos, um deles foi marcado por sua deposi\u00e7\u00e3o durante a ditadura militar.\u00a0Na \u00faltima sexta-feira (12), Pedral completou 89 anos de vida.<\/p>\n<p>O ex-prefeito Jos\u00e9 Pedral Sampaio \u00e9 conhecido como o maior l\u00edder pol\u00edtico do s\u00e9culo XX de Vit\u00f3ria da Conquista. Por mais de 20 anos, Pedral liderou um grupo forte na cidade, que o elegeu prefeito por tr\u00eas mandatos.<\/p>\n<p>O<a style=\"color: #000000;\" title=\"Link permanente para Pedral \u2013 o maior l\u00edder pol\u00edtico conquistense do S\u00e9culo XX\" href=\"http:\/\/www.blogdaresenhageral.com.br\/pedral-o-maior-lider-politico-conquistense-do-seculo-xx\/\" rel=\"bookmark\">\u00a0MAIOR L\u00c9DER CONQUISTENSE DO S\u00c9CULO XX<\/a><\/p>\n<p>Pedral nasceu no dia 12 de setembro de 1925. Era neto do coronel Jos\u00e9 Fernandes de Oliveira, o poderoso Coronel Gug\u00e9, tamb\u00e9m l\u00edder pol\u00edtico por quase 20 anos, e filho do engenheiro Sifredo Pedral Sampaio e de Dona Maria Fernandes Pedral Sampaio. O mesmo m\u00e9dico que o trouxe ao mundo, R\u00e9gis Pacheco, se tornou seu padrinho pol\u00edtico.<!--more--><\/p>\n<p>No dia 11 de novembro de 1949, ele foi diplomado engenheiro civil pela Escola Polit\u00e9cnica da Universidade da Bahia. Ao voltar para Vit\u00f3ria da Conquista, em 1954, montou o escrit\u00f3rio de engenharia na Empresa \u201cConstrutora Prumo\u201d. Como engenheiro deixou suas marcas no Col\u00e9gio Sacramentinas e no Clube Social Conquista. Ingressou na pol\u00edtica em 1958, mas foi eleito em 1962 como prefeito. Em 1964, com um ano e tr\u00eas meses de mandato, foi deposto pelo Golpe Militar.<\/p>\n<p>Ap\u00f3s cumprir 20 anos de suspens\u00e3o, candidatou-se pelo PMDB, disputando o cargo de prefeito com Sebasti\u00e3o Castro, Ruy Medeiros e Margarida Oliveira. Foi eleito por maioria dos votos no dia 15 de novembro 1982, consolidando sua lideran\u00e7a pol\u00edtica em Conquista. Retornou como m\u00e1rtir, para Prefeitura. A d\u00e9cada que estava por vir ficou conhecida como o auge do \u201cPedralismo\u201d.<span id=\"more-189907\"><\/span><\/p>\n<p>Outros grandes nomes da pol\u00edtica conquistense se fizeram com base no grupo liderado por Pedral. A elei\u00e7\u00e3o de Jadiel Matos (MDB) \u00e0 prefeitura em 1972 (com o apoio log\u00edstico de Pedral); a elei\u00e7\u00e3o do sucessor (Raul Ferraz); o retorno de Jos\u00e9 Pedral (PMDB) ao executivo municipal em 1982; a elei\u00e7\u00e3o do novo sucessor (Murilo M\u00e1rmore \u2013 PMDB); a elei\u00e7\u00e3o de deputados estaduais na segunda metade da d\u00e9cada de 70 (Jadiel Matos e Elquisson Soares); a elei\u00e7\u00e3o de deputados federais (Elquisson Soares e Raul Ferraz) e por fim a participa\u00e7\u00e3o ativa na campanha e elei\u00e7\u00e3o de Waldir Pires em 1986 deram ao grupo pol\u00edtico a \u00e1urea de n\u00facleo oposicionista com tra\u00e7os de esquerda democr\u00e1tica e \u00e0 p\u00f3lis sertaneja o de \u201cbasti\u00e3o da resist\u00eancia democr\u00e1tica\u201d, \u201ctrincheira democr\u00e1tica\u201d da Bahia. Imagem constru\u00edda ao longo de mais de duas d\u00e9cadas, difundida e usada como justificadora para o exerc\u00edcio do poder.<\/p>\n<p>Em 1993, Pedral se elegeu pela \u00faltima vez como prefeito de Vit\u00f3ria da Conquista, ap\u00f3s derrotar seu ex-aliado Raul Ferraz, concluindo em 1996. Desde ent\u00e3o, manteve-se afastado dos holofotes da pol\u00edtica. Mesmo assim, Pedral sempre foi lembrado por pol\u00edticos da oposi\u00e7\u00e3o em tomadas de decis\u00f5es importantes para a cidade.<\/p>\n<p>Recentemente, familiares e amigos iniciaram os preparativos para a divulga\u00e7\u00e3o dos projetos do engenheiro J. Pedral, que apontam rumos para o futuro de Pit\u00f3ria da Conquista. Entre eles, destaca-se o Parque da Cidade, \u00e0s margens do Rio Verruga; o Distrito Industrial; o Centro Administrativo da Cidade; os Mirantes da Caatinga e da Santa Marta. Os projetos na \u00e1rea de Educa\u00e7\u00e3o tamb\u00e9m foram lembrados e destacados.<\/p>\n<p>O trabalho de Pedral merece aten\u00e7\u00e3o de quem enxerga a voca\u00e7\u00e3o para o progresso de nossa terra. Assim como merece destaque obras e a\u00e7\u00f5es que est\u00e3o servindo Vit\u00f3ria da Conquista at\u00e9 os dias de hoje, como a pavimenta\u00e7\u00e3o da Lauro de Freitas e, posteriormente, o Terminal de \u00f4nibus da Lauro de Freitas, o acostamento da Avenida R\u00e9gis Pacheco, a aquisi\u00e7\u00e3o para o Munic\u00edpio o galp\u00e3o da empresa que asfaltou a Rio-Bahia (Servi\u00e7os de Terraplanagem de Estradas e Rodagens) e a constru\u00e7\u00e3o das feiras do Ceasa e do bairro Brasil.<\/p>\n<p><em><strong>*Com informa\u00e7\u00f5es do site taberna da Hist\u00f3ria.<\/strong><\/em><\/p>\n","protected":false},"excerpt":{"rendered":"<p>Blog da Resenha Geral Faleceu, na tarde desta ter\u00e7a-feira (16), o ex-prefeito de Vit\u00f3ria da Conquista Jos\u00e9 Fernandes Pedral Sampaio. Pedral estava internado no Hospital Samur desde a \u00faltima semana. O pol\u00edtico, considerado uma das figuras mais hist\u00f3rias da cidade, vem passando por v\u00e1rias cirurgias nos \u00faltimos meses. Em maio, Pedral foi submetido a uma [&hellip;]<\/p>\n","protected":false},"author":2,"featured_media":0,"comment_status":"open","ping_status":"open","sticky":false,"template":"","format":"standard","meta":{"footnotes":"","_links_to":"","_links_to_target":""},"categories":[1],"tags":[],"class_list":["post-41956","post","type-post","status-publish","format-standard","hentry","category-geral"],"views":1659,"_links":{"self":[{"href":"https:\/\/www.sudoestehoje.com.br\/novoportal\/wp-json\/wp\/v2\/posts\/41956","targetHints":{"allow":["GET"]}}],"collection":[{"href":"https:\/\/www.sudoestehoje.com.br\/novoportal\/wp-json\/wp\/v2\/posts"}],"about":[{"href":"https:\/\/www.sudoestehoje.com.br\/novoportal\/wp-json\/wp\/v2\/types\/post"}],"author":[{"embeddable":true,"href":"https:\/\/www.sudoestehoje.com.br\/novoportal\/wp-json\/wp\/v2\/users\/2"}],"replies":[{"embeddable":true,"href":"https:\/\/www.sudoestehoje.com.br\/novoportal\/wp-json\/wp\/v2\/comments?post=41956"}],"version-history":[{"count":2,"href":"https:\/\/www.sudoestehoje.com.br\/novoportal\/wp-json\/wp\/v2\/posts\/41956\/revisions"}],"predecessor-version":[{"id":41959,"href":"https:\/\/www.sudoestehoje.com.br\/novoportal\/wp-json\/wp\/v2\/posts\/41956\/revisions\/41959"}],"wp:attachment":[{"href":"https:\/\/www.sudoestehoje.com.br\/novoportal\/wp-json\/wp\/v2\/media?parent=41956"}],"wp:term":[{"taxonomy":"category","embeddable":true,"href":"https:\/\/www.sudoestehoje.com.br\/novoportal\/wp-json\/wp\/v2\/categories?post=41956"},{"taxonomy":"post_tag","embeddable":true,"href":"https:\/\/www.sudoestehoje.com.br\/novoportal\/wp-json\/wp\/v2\/tags?post=41956"}],"curies":[{"name":"wp","href":"https:\/\/api.w.org\/{rel}","templated":true}]}}