
{"id":41940,"date":"2014-09-16T00:33:44","date_gmt":"2014-09-16T03:33:44","guid":{"rendered":"http:\/\/www.sudoestehoje.com.br\/novoportal\/?p=41940"},"modified":"2014-09-16T00:33:44","modified_gmt":"2014-09-16T03:33:44","slug":"acm-neto-prepara-ofensiva-na-reta-final-da-campanha-de-paulo-souto","status":"publish","type":"post","link":"https:\/\/www.sudoestehoje.com.br\/novoportal\/2014\/09\/16\/acm-neto-prepara-ofensiva-na-reta-final-da-campanha-de-paulo-souto\/","title":{"rendered":"ACM NETO PREPARA OFENSIVA NA RETA FINAL DA CAMPANHA DE PAULO SOUTO"},"content":{"rendered":"<p><a href=\"http:\/\/www.sudoestehoje.com.br\/novoportal\/wp-content\/uploads\/2014\/09\/acm-neto.jpg\"><img loading=\"lazy\" decoding=\"async\" class=\"aligncenter  wp-image-41941\" src=\"http:\/\/www.sudoestehoje.com.br\/novoportal\/wp-content\/uploads\/2014\/09\/acm-neto.jpg\" alt=\"acm neto\" width=\"480\" height=\"292\" \/><\/a><\/p>\n<p><span style=\"color: #2f2f2f;\">Principal cabo eleitoral da chapa de oposi\u00e7\u00e3o ao governo do Estado, o prefeito de Salvador, ACM Neto (DEM), vai entrar de sola na campanha de seu correligion\u00e1rio Paulo Souto nesta reta final.<\/span><\/p>\n<p><span style=\"color: #2f2f2f;\">A tr\u00eas semanas das elei\u00e7\u00f5es, o jovem democrata faz planejamento para combinar o expediente no Pal\u00e1cio Thom\u00e9 de Souza com viagens e eventos quase di\u00e1rios na capital e interior. <\/span><\/p>\n<p><span style=\"color: #2f2f2f;\">A previs\u00e3o \u00e9 de que o prefeito visite cinco munic\u00edpios por dia aos s\u00e1bados e domingos.<\/span><\/p>\n","protected":false},"excerpt":{"rendered":"<p>Principal cabo eleitoral da chapa de oposi\u00e7\u00e3o ao governo do Estado, o prefeito de Salvador, ACM Neto (DEM), vai entrar de sola na campanha de seu correligion\u00e1rio Paulo Souto nesta reta final. A tr\u00eas semanas das elei\u00e7\u00f5es, o jovem democrata faz planejamento para combinar o expediente no Pal\u00e1cio Thom\u00e9 de Souza com viagens e eventos [&hellip;]<\/p>\n","protected":false},"author":2,"featured_media":0,"comment_status":"open","ping_status":"open","sticky":false,"template":"","format":"standard","meta":{"footnotes":"","_links_to":"","_links_to_target":""},"categories":[1],"tags":[],"class_list":["post-41940","post","type-post","status-publish","format-standard","hentry","category-geral"],"views":1223,"_links":{"self":[{"href":"https:\/\/www.sudoestehoje.com.br\/novoportal\/wp-json\/wp\/v2\/posts\/41940","targetHints":{"allow":["GET"]}}],"collection":[{"href":"https:\/\/www.sudoestehoje.com.br\/novoportal\/wp-json\/wp\/v2\/posts"}],"about":[{"href":"https:\/\/www.sudoestehoje.com.br\/novoportal\/wp-json\/wp\/v2\/types\/post"}],"author":[{"embeddable":true,"href":"https:\/\/www.sudoestehoje.com.br\/novoportal\/wp-json\/wp\/v2\/users\/2"}],"replies":[{"embeddable":true,"href":"https:\/\/www.sudoestehoje.com.br\/novoportal\/wp-json\/wp\/v2\/comments?post=41940"}],"version-history":[{"count":1,"href":"https:\/\/www.sudoestehoje.com.br\/novoportal\/wp-json\/wp\/v2\/posts\/41940\/revisions"}],"predecessor-version":[{"id":41942,"href":"https:\/\/www.sudoestehoje.com.br\/novoportal\/wp-json\/wp\/v2\/posts\/41940\/revisions\/41942"}],"wp:attachment":[{"href":"https:\/\/www.sudoestehoje.com.br\/novoportal\/wp-json\/wp\/v2\/media?parent=41940"}],"wp:term":[{"taxonomy":"category","embeddable":true,"href":"https:\/\/www.sudoestehoje.com.br\/novoportal\/wp-json\/wp\/v2\/categories?post=41940"},{"taxonomy":"post_tag","embeddable":true,"href":"https:\/\/www.sudoestehoje.com.br\/novoportal\/wp-json\/wp\/v2\/tags?post=41940"}],"curies":[{"name":"wp","href":"https:\/\/api.w.org\/{rel}","templated":true}]}}