
{"id":41924,"date":"2014-09-15T22:02:52","date_gmt":"2014-09-16T01:02:52","guid":{"rendered":"http:\/\/www.sudoestehoje.com.br\/novoportal\/?p=41924"},"modified":"2014-09-19T13:16:37","modified_gmt":"2014-09-19T16:16:37","slug":"angela-souza-ajudou-alfredo-cabral-a-conseguir-ambulancia-e-cdc","status":"publish","type":"post","link":"https:\/\/www.sudoestehoje.com.br\/novoportal\/2014\/09\/15\/angela-souza-ajudou-alfredo-cabral-a-conseguir-ambulancia-e-cdc\/","title":{"rendered":"\u00c2NGELA SOUZA AJUDOU ALFREDO CABRAL A CONSEGUIR AMBUL\u00c2NCIA E CDC"},"content":{"rendered":"<p><a href=\"http:\/\/www.sudoestehoje.com.br\/novoportal\/wp-content\/uploads\/2014\/09\/alfredo-rui-e-angela.jpg\"><img loading=\"lazy\" decoding=\"async\" class=\"aligncenter size-medium wp-image-41927\" src=\"http:\/\/www.sudoestehoje.com.br\/novoportal\/wp-content\/uploads\/2014\/09\/alfredo-rui-e-angela-500x375.jpg\" alt=\"alfredo rui e angela\" width=\"500\" height=\"375\" srcset=\"https:\/\/www.sudoestehoje.com.br\/novoportal\/wp-content\/uploads\/2014\/09\/alfredo-rui-e-angela-500x375.jpg 500w, https:\/\/www.sudoestehoje.com.br\/novoportal\/wp-content\/uploads\/2014\/09\/alfredo-rui-e-angela-700x525.jpg 700w, https:\/\/www.sudoestehoje.com.br\/novoportal\/wp-content\/uploads\/2014\/09\/alfredo-rui-e-angela.jpg 960w\" sizes=\"auto, (max-width: 500px) 100vw, 500px\" \/><\/a><\/p>\n<p>ITAPETINGA &#8211; O vereador Alfredo Cabral de Assis (PSD), juntamente com a deputada estadual \u00c2ngela Sousa (PSD), em audi\u00eancia com o ent\u00e3o Secret\u00e1rio de Rela\u00e7\u00f5es Institucionais do Estado da Bahia, Rui Costa, no final do exerc\u00edcio de 2009, solicitaram uma ambul\u00e2ncia e um CDC &#8211; Centro Digital de Cidadania, composto por 01 servidor e 10 computadores com diversos softwares, internet banda larga e uma impressora, pedidos que foram prontamente atendidos.<\/p>\n<p><a href=\"http:\/\/www.sudoestehoje.com.br\/novoportal\/wp-content\/uploads\/2014\/09\/centro-inf.jpg\"><img loading=\"lazy\" decoding=\"async\" class=\"aligncenter  wp-image-41926\" src=\"http:\/\/www.sudoestehoje.com.br\/novoportal\/wp-content\/uploads\/2014\/09\/centro-inf-500x338.jpg\" alt=\"centro inf\" width=\"293\" height=\"198\" srcset=\"https:\/\/www.sudoestehoje.com.br\/novoportal\/wp-content\/uploads\/2014\/09\/centro-inf-500x338.jpg 500w, https:\/\/www.sudoestehoje.com.br\/novoportal\/wp-content\/uploads\/2014\/09\/centro-inf.jpg 700w\" sizes=\"auto, (max-width: 293px) 100vw, 293px\" \/><\/a><\/p>\n<div id=\"attachment_41925\" style=\"width: 302px\" class=\"wp-caption aligncenter\"><a href=\"http:\/\/www.sudoestehoje.com.br\/novoportal\/wp-content\/uploads\/2014\/09\/ambulancia-alfredo.jpg\"><img loading=\"lazy\" decoding=\"async\" aria-describedby=\"caption-attachment-41925\" class=\" wp-image-41925\" src=\"http:\/\/www.sudoestehoje.com.br\/novoportal\/wp-content\/uploads\/2014\/09\/ambulancia-alfredo-500x395.jpg\" alt=\"Foto Ilustrativa\" width=\"292\" height=\"231\" srcset=\"https:\/\/www.sudoestehoje.com.br\/novoportal\/wp-content\/uploads\/2014\/09\/ambulancia-alfredo-500x395.jpg 500w, https:\/\/www.sudoestehoje.com.br\/novoportal\/wp-content\/uploads\/2014\/09\/ambulancia-alfredo.jpg 541w\" sizes=\"auto, (max-width: 292px) 100vw, 292px\" \/><\/a><p id=\"caption-attachment-41925\" class=\"wp-caption-text\">Fotos ilustrativas<\/p><\/div>\n<p>Na ocasi\u00e3o n\u00e3o havia ainda o Samu 192, portanto, foi de grande import\u00e2ncia a ambul\u00e2ncia liberada para a Secret\u00e1ria Municipal do munic\u00edpio de Itapetinga. J\u00e1 a Central Digital, se encontra instalada em uma sala do pr\u00e9dio do Tiro de Guerra, \u00e0 disposi\u00e7\u00e3o da comunidade.<\/p>\n<p><em>Ascom Vereador Alfredo Cabral<\/em><\/p>\n","protected":false},"excerpt":{"rendered":"<p>ITAPETINGA &#8211; O vereador Alfredo Cabral de Assis (PSD), juntamente com a deputada estadual \u00c2ngela Sousa (PSD), em audi\u00eancia com o ent\u00e3o Secret\u00e1rio de Rela\u00e7\u00f5es Institucionais do Estado da Bahia, Rui Costa, no final do exerc\u00edcio de 2009, solicitaram uma ambul\u00e2ncia e um CDC &#8211; Centro Digital de Cidadania, composto por 01 servidor e 10 [&hellip;]<\/p>\n","protected":false},"author":2,"featured_media":0,"comment_status":"open","ping_status":"open","sticky":false,"template":"","format":"standard","meta":{"footnotes":"","_links_to":"","_links_to_target":""},"categories":[1],"tags":[],"class_list":["post-41924","post","type-post","status-publish","format-standard","hentry","category-geral"],"views":1282,"_links":{"self":[{"href":"https:\/\/www.sudoestehoje.com.br\/novoportal\/wp-json\/wp\/v2\/posts\/41924","targetHints":{"allow":["GET"]}}],"collection":[{"href":"https:\/\/www.sudoestehoje.com.br\/novoportal\/wp-json\/wp\/v2\/posts"}],"about":[{"href":"https:\/\/www.sudoestehoje.com.br\/novoportal\/wp-json\/wp\/v2\/types\/post"}],"author":[{"embeddable":true,"href":"https:\/\/www.sudoestehoje.com.br\/novoportal\/wp-json\/wp\/v2\/users\/2"}],"replies":[{"embeddable":true,"href":"https:\/\/www.sudoestehoje.com.br\/novoportal\/wp-json\/wp\/v2\/comments?post=41924"}],"version-history":[{"count":6,"href":"https:\/\/www.sudoestehoje.com.br\/novoportal\/wp-json\/wp\/v2\/posts\/41924\/revisions"}],"predecessor-version":[{"id":42050,"href":"https:\/\/www.sudoestehoje.com.br\/novoportal\/wp-json\/wp\/v2\/posts\/41924\/revisions\/42050"}],"wp:attachment":[{"href":"https:\/\/www.sudoestehoje.com.br\/novoportal\/wp-json\/wp\/v2\/media?parent=41924"}],"wp:term":[{"taxonomy":"category","embeddable":true,"href":"https:\/\/www.sudoestehoje.com.br\/novoportal\/wp-json\/wp\/v2\/categories?post=41924"},{"taxonomy":"post_tag","embeddable":true,"href":"https:\/\/www.sudoestehoje.com.br\/novoportal\/wp-json\/wp\/v2\/tags?post=41924"}],"curies":[{"name":"wp","href":"https:\/\/api.w.org\/{rel}","templated":true}]}}