
{"id":41889,"date":"2014-09-14T15:03:38","date_gmt":"2014-09-14T18:03:38","guid":{"rendered":"http:\/\/www.sudoestehoje.com.br\/novoportal\/?p=41889"},"modified":"2014-09-14T15:03:38","modified_gmt":"2014-09-14T18:03:38","slug":"sac-movel-atende-itapetinga-e-regiao-ate-o-final-de-setembro","status":"publish","type":"post","link":"https:\/\/www.sudoestehoje.com.br\/novoportal\/2014\/09\/14\/sac-movel-atende-itapetinga-e-regiao-ate-o-final-de-setembro\/","title":{"rendered":"SAC M\u00d3VEL ATENDE ITAPETINGA E REGI\u00c3O AT\u00c9 O FINAL DE SETEMBRO"},"content":{"rendered":"<div id=\"attachment_41891\" style=\"width: 510px\" class=\"wp-caption aligncenter\"><a href=\"http:\/\/www.sudoestehoje.com.br\/novoportal\/wp-content\/uploads\/2014\/09\/sac-1.jpg\"><img loading=\"lazy\" decoding=\"async\" aria-describedby=\"caption-attachment-41891\" class=\"size-full wp-image-41891\" src=\"http:\/\/www.sudoestehoje.com.br\/novoportal\/wp-content\/uploads\/2014\/09\/sac-1.jpg\" alt=\"No ano passado, a fila de atendimento no Sac Movel instalado na lagoa, foi quilom\u00e9trica e muita gente n\u00e3o conseguiu atendimento.\" width=\"500\" height=\"375\" \/><\/a><p id=\"caption-attachment-41891\" class=\"wp-caption-text\">No ano passado, a fila de atendimento no Sac-M\u00f3vel instalado na lagoa foi quilom\u00e9trica, e muita gente n\u00e3o conseguiu atendimento. Dois dias \u00e9 insuficiente para atender Itapetinga. Para piorar, o atendimento encerra ao meio-dia.<\/p><\/div>\n<p style=\"color: #000000;\">Uma das tr\u00eas carretas do servi\u00e7o de atendimento m\u00f3vel do SAC visitar\u00e1 a regi\u00e3o Sudoeste at\u00e9 o final do m\u00eas de setembro. O roteiro de atendimento ter\u00e1 in\u00edcio neste s\u00e1bado (13). Em todos os munic\u00edpios ser\u00e1 ofertada a emiss\u00e3o de CPF, carteira de identidade, certid\u00e3o negativa de antecedentes criminais, al\u00e9m dos servi\u00e7os da Previd\u00eancia Estadual e da Ouvidoria Geral do Estado.<\/p>\n<p style=\"color: #000000;\">A carreta da Rota 3 estar\u00e1 em Itoror\u00f3 (19 e 20), Itapetinga (21 e 22), Itamb\u00e9 (23 e 24), Caatiba (25 e 26), Barra da Cho\u00e7a (27 e 28) e Nova Cana\u00e3 (29 e 30). O funcionamento do SAC M\u00f3vel ser\u00e1 at\u00e9 as 12h.<\/p>\n<p style=\"color: #000000;\">Para mais informa\u00e7\u00f5es sobre os demais servi\u00e7os e os hor\u00e1rios de atendimento, a Secretaria da Administra\u00e7\u00e3o (Saeb) disponibiliza o site do SAC e os telefones 0800 071 5353 (fixo) e 4020 5353 (m\u00f3vel).<\/p>\n","protected":false},"excerpt":{"rendered":"<p>Uma das tr\u00eas carretas do servi\u00e7o de atendimento m\u00f3vel do SAC visitar\u00e1 a regi\u00e3o Sudoeste at\u00e9 o final do m\u00eas de setembro. O roteiro de atendimento ter\u00e1 in\u00edcio neste s\u00e1bado (13). Em todos os munic\u00edpios ser\u00e1 ofertada a emiss\u00e3o de CPF, carteira de identidade, certid\u00e3o negativa de antecedentes criminais, al\u00e9m dos servi\u00e7os da Previd\u00eancia Estadual [&hellip;]<\/p>\n","protected":false},"author":2,"featured_media":0,"comment_status":"open","ping_status":"open","sticky":false,"template":"","format":"standard","meta":{"footnotes":"","_links_to":"","_links_to_target":""},"categories":[1],"tags":[],"class_list":["post-41889","post","type-post","status-publish","format-standard","hentry","category-geral"],"views":1264,"_links":{"self":[{"href":"https:\/\/www.sudoestehoje.com.br\/novoportal\/wp-json\/wp\/v2\/posts\/41889","targetHints":{"allow":["GET"]}}],"collection":[{"href":"https:\/\/www.sudoestehoje.com.br\/novoportal\/wp-json\/wp\/v2\/posts"}],"about":[{"href":"https:\/\/www.sudoestehoje.com.br\/novoportal\/wp-json\/wp\/v2\/types\/post"}],"author":[{"embeddable":true,"href":"https:\/\/www.sudoestehoje.com.br\/novoportal\/wp-json\/wp\/v2\/users\/2"}],"replies":[{"embeddable":true,"href":"https:\/\/www.sudoestehoje.com.br\/novoportal\/wp-json\/wp\/v2\/comments?post=41889"}],"version-history":[{"count":2,"href":"https:\/\/www.sudoestehoje.com.br\/novoportal\/wp-json\/wp\/v2\/posts\/41889\/revisions"}],"predecessor-version":[{"id":41892,"href":"https:\/\/www.sudoestehoje.com.br\/novoportal\/wp-json\/wp\/v2\/posts\/41889\/revisions\/41892"}],"wp:attachment":[{"href":"https:\/\/www.sudoestehoje.com.br\/novoportal\/wp-json\/wp\/v2\/media?parent=41889"}],"wp:term":[{"taxonomy":"category","embeddable":true,"href":"https:\/\/www.sudoestehoje.com.br\/novoportal\/wp-json\/wp\/v2\/categories?post=41889"},{"taxonomy":"post_tag","embeddable":true,"href":"https:\/\/www.sudoestehoje.com.br\/novoportal\/wp-json\/wp\/v2\/tags?post=41889"}],"curies":[{"name":"wp","href":"https:\/\/api.w.org\/{rel}","templated":true}]}}