
{"id":41777,"date":"2014-09-13T18:48:42","date_gmt":"2014-09-13T21:48:42","guid":{"rendered":"http:\/\/www.sudoestehoje.com.br\/novoportal\/?p=41777"},"modified":"2014-09-13T18:50:15","modified_gmt":"2014-09-13T21:50:15","slug":"com-michel-herzem-visita-feira-do-primavera-neste-domingo","status":"publish","type":"post","link":"https:\/\/www.sudoestehoje.com.br\/novoportal\/2014\/09\/13\/com-michel-herzem-visita-feira-do-primavera-neste-domingo\/","title":{"rendered":"COM MICHEL, HERZEM VISITA FEIRA DO PRIMAVERA NESTE DOMINGO"},"content":{"rendered":"<p><a href=\"http:\/\/www.sudoestehoje.com.br\/novoportal\/wp-content\/uploads\/2014\/09\/michel-e-herzem.jpg\"><img loading=\"lazy\" decoding=\"async\" class=\"aligncenter size-full wp-image-41780\" src=\"http:\/\/www.sudoestehoje.com.br\/novoportal\/wp-content\/uploads\/2014\/09\/michel-e-herzem.jpg\" alt=\"michel e herzem\" width=\"500\" height=\"375\" \/><\/a><\/p>\n<p>ITAPETINGA: Acompanhado pelo ex-prefeito Michel Hagge e integrantes do PMDB local, o candidato a deputado estadual Herzem Gusm\u00e3o tem visita agendada para este domingo pela manh\u00e3, \u00e0 feira-livre do bairro Primavera, em Itapetinga.<\/p>\n<p>Segundo a organiza\u00e7\u00e3o de campanha de Herzem em Itapetinga, a visita ter\u00e1 in\u00edcio \u00e0s 8h, com concentra\u00e7\u00e3o na Pra\u00e7a M\u00e1rio Rosa e Avenida Flamengo.<\/p>\n<p>A dire\u00e7\u00e3o do PMDB convida os seus militantes, cabos eleitoras e amigos, para compareceram ao local e acompanharem o l\u00edder Michel Hagge e o candidato peemedebista Herzem Gusm\u00e3o, nessa importante visita.<\/p>\n<p><strong><em>Ascom PMDB<\/em><\/strong><\/p>\n","protected":false},"excerpt":{"rendered":"<p>ITAPETINGA: Acompanhado pelo ex-prefeito Michel Hagge e integrantes do PMDB local, o candidato a deputado estadual Herzem Gusm\u00e3o tem visita agendada para este domingo pela manh\u00e3, \u00e0 feira-livre do bairro Primavera, em Itapetinga. Segundo a organiza\u00e7\u00e3o de campanha de Herzem em Itapetinga, a visita ter\u00e1 in\u00edcio \u00e0s 8h, com concentra\u00e7\u00e3o na Pra\u00e7a M\u00e1rio Rosa e [&hellip;]<\/p>\n","protected":false},"author":2,"featured_media":0,"comment_status":"open","ping_status":"open","sticky":false,"template":"","format":"standard","meta":{"footnotes":"","_links_to":"","_links_to_target":""},"categories":[1],"tags":[],"class_list":["post-41777","post","type-post","status-publish","format-standard","hentry","category-geral"],"views":1254,"_links":{"self":[{"href":"https:\/\/www.sudoestehoje.com.br\/novoportal\/wp-json\/wp\/v2\/posts\/41777","targetHints":{"allow":["GET"]}}],"collection":[{"href":"https:\/\/www.sudoestehoje.com.br\/novoportal\/wp-json\/wp\/v2\/posts"}],"about":[{"href":"https:\/\/www.sudoestehoje.com.br\/novoportal\/wp-json\/wp\/v2\/types\/post"}],"author":[{"embeddable":true,"href":"https:\/\/www.sudoestehoje.com.br\/novoportal\/wp-json\/wp\/v2\/users\/2"}],"replies":[{"embeddable":true,"href":"https:\/\/www.sudoestehoje.com.br\/novoportal\/wp-json\/wp\/v2\/comments?post=41777"}],"version-history":[{"count":4,"href":"https:\/\/www.sudoestehoje.com.br\/novoportal\/wp-json\/wp\/v2\/posts\/41777\/revisions"}],"predecessor-version":[{"id":41783,"href":"https:\/\/www.sudoestehoje.com.br\/novoportal\/wp-json\/wp\/v2\/posts\/41777\/revisions\/41783"}],"wp:attachment":[{"href":"https:\/\/www.sudoestehoje.com.br\/novoportal\/wp-json\/wp\/v2\/media?parent=41777"}],"wp:term":[{"taxonomy":"category","embeddable":true,"href":"https:\/\/www.sudoestehoje.com.br\/novoportal\/wp-json\/wp\/v2\/categories?post=41777"},{"taxonomy":"post_tag","embeddable":true,"href":"https:\/\/www.sudoestehoje.com.br\/novoportal\/wp-json\/wp\/v2\/tags?post=41777"}],"curies":[{"name":"wp","href":"https:\/\/api.w.org\/{rel}","templated":true}]}}