
{"id":41769,"date":"2014-09-13T16:16:12","date_gmt":"2014-09-13T19:16:12","guid":{"rendered":"http:\/\/www.sudoestehoje.com.br\/novoportal\/?p=41769"},"modified":"2014-09-13T16:35:25","modified_gmt":"2014-09-13T19:35:25","slug":"arruda-desiste-de-concorrer-ao-governo-do-distrito-federal","status":"publish","type":"post","link":"https:\/\/www.sudoestehoje.com.br\/novoportal\/2014\/09\/13\/arruda-desiste-de-concorrer-ao-governo-do-distrito-federal\/","title":{"rendered":"ARRUDA DESISTE DE CONCORRER AO GOVERNO DO DISTRITO FEDERAL"},"content":{"rendered":"<p><a href=\"http:\/\/www.sudoestehoje.com.br\/novoportal\/wp-content\/uploads\/2014\/09\/ARRUDA.jpg\"><img loading=\"lazy\" decoding=\"async\" class=\"aligncenter size-medium wp-image-41770\" src=\"http:\/\/www.sudoestehoje.com.br\/novoportal\/wp-content\/uploads\/2014\/09\/ARRUDA-500x343.jpg\" alt=\"ARRUDA\" width=\"500\" height=\"343\" srcset=\"https:\/\/www.sudoestehoje.com.br\/novoportal\/wp-content\/uploads\/2014\/09\/ARRUDA-500x343.jpg 500w, https:\/\/www.sudoestehoje.com.br\/novoportal\/wp-content\/uploads\/2014\/09\/ARRUDA.jpg 600w\" sizes=\"auto, (max-width: 500px) 100vw, 500px\" \/><\/a><\/p>\n<p><span style=\"color: #444444;\">O ex-governador Jos\u00e9 Roberto Arruda (PR) desistiu de concorrer ao governo do Distrito Federal e ser\u00e1 substitu\u00eddo por Jofran Frejat, que atualmente ocupa o posto de vice na chapa. Arruda foi preso pela Pol\u00edcia Federal quando governou o DF, entre 2006 e 2010, e vinha enfrentando uma batalha judicial para conseguir permanecer na disputa deste ano por ter sido enquadrado como &#8220;ficha suja&#8221;. <\/span><\/p>\n<p><span style=\"color: #444444;\">Depois de uma reuni\u00e3o em Bras\u00edlia que chancelou a decis\u00e3o, a substitui\u00e7\u00e3o foi comunicada ao senador Antonio Carlos Rodrigues (SP), secret\u00e1rio-geral do PR.\u00a0Com resultados adversos nos tribunais, a campanha de Arruda j\u00e1 vinha discutindo um rearranjo na chapa h\u00e1 alguns dias. Uma decis\u00e3o precisava ser tomada neste final de semana porque o prazo para a substitui\u00e7\u00e3o de candidato acaba nesta segunda-feira, 15.\u00a0<\/span><\/p>\n<p><span style=\"color: #444444;\">Hoje, Arruda comunicou a aliados que estava deixando o posto por n\u00e3o acreditar que conseguiria um desfecho favor\u00e1vel no Supremo Tribunal Federal (STF). &#8220;Se ele n\u00e3o reverteu no Tribunal Superior Eleitoral (TSE), n\u00e3o ia ser no Supremo&#8221;, disse Alberto Fraga, presidente do DEM do DF, partido que faz parte da coliga\u00e7\u00e3o de Arruda.\u00a0<\/span><\/p>\n<p>&nbsp;<\/p>\n<p><a href=\"http:\/\/www.sudoestehoje.com.br\/novoportal\/wp-content\/uploads\/2014\/09\/banner-supermoda.jpg\"><img loading=\"lazy\" decoding=\"async\" class=\"aligncenter  wp-image-41774\" src=\"http:\/\/www.sudoestehoje.com.br\/novoportal\/wp-content\/uploads\/2014\/09\/banner-supermoda-500x99.jpg\" alt=\"banner supermoda\" width=\"540\" height=\"107\" srcset=\"https:\/\/www.sudoestehoje.com.br\/novoportal\/wp-content\/uploads\/2014\/09\/banner-supermoda-500x99.jpg 500w, https:\/\/www.sudoestehoje.com.br\/novoportal\/wp-content\/uploads\/2014\/09\/banner-supermoda.jpg 600w\" sizes=\"auto, (max-width: 540px) 100vw, 540px\" \/><\/a><\/p>\n","protected":false},"excerpt":{"rendered":"<p>O ex-governador Jos\u00e9 Roberto Arruda (PR) desistiu de concorrer ao governo do Distrito Federal e ser\u00e1 substitu\u00eddo por Jofran Frejat, que atualmente ocupa o posto de vice na chapa. Arruda foi preso pela Pol\u00edcia Federal quando governou o DF, entre 2006 e 2010, e vinha enfrentando uma batalha judicial para conseguir permanecer na disputa deste [&hellip;]<\/p>\n","protected":false},"author":2,"featured_media":0,"comment_status":"open","ping_status":"open","sticky":false,"template":"","format":"standard","meta":{"footnotes":"","_links_to":"","_links_to_target":""},"categories":[1],"tags":[],"class_list":["post-41769","post","type-post","status-publish","format-standard","hentry","category-geral"],"views":1260,"_links":{"self":[{"href":"https:\/\/www.sudoestehoje.com.br\/novoportal\/wp-json\/wp\/v2\/posts\/41769","targetHints":{"allow":["GET"]}}],"collection":[{"href":"https:\/\/www.sudoestehoje.com.br\/novoportal\/wp-json\/wp\/v2\/posts"}],"about":[{"href":"https:\/\/www.sudoestehoje.com.br\/novoportal\/wp-json\/wp\/v2\/types\/post"}],"author":[{"embeddable":true,"href":"https:\/\/www.sudoestehoje.com.br\/novoportal\/wp-json\/wp\/v2\/users\/2"}],"replies":[{"embeddable":true,"href":"https:\/\/www.sudoestehoje.com.br\/novoportal\/wp-json\/wp\/v2\/comments?post=41769"}],"version-history":[{"count":3,"href":"https:\/\/www.sudoestehoje.com.br\/novoportal\/wp-json\/wp\/v2\/posts\/41769\/revisions"}],"predecessor-version":[{"id":41776,"href":"https:\/\/www.sudoestehoje.com.br\/novoportal\/wp-json\/wp\/v2\/posts\/41769\/revisions\/41776"}],"wp:attachment":[{"href":"https:\/\/www.sudoestehoje.com.br\/novoportal\/wp-json\/wp\/v2\/media?parent=41769"}],"wp:term":[{"taxonomy":"category","embeddable":true,"href":"https:\/\/www.sudoestehoje.com.br\/novoportal\/wp-json\/wp\/v2\/categories?post=41769"},{"taxonomy":"post_tag","embeddable":true,"href":"https:\/\/www.sudoestehoje.com.br\/novoportal\/wp-json\/wp\/v2\/tags?post=41769"}],"curies":[{"name":"wp","href":"https:\/\/api.w.org\/{rel}","templated":true}]}}