
{"id":41742,"date":"2014-09-11T12:20:33","date_gmt":"2014-09-11T15:20:33","guid":{"rendered":"http:\/\/www.sudoestehoje.com.br\/novoportal\/?p=41742"},"modified":"2014-09-11T12:20:33","modified_gmt":"2014-09-11T15:20:33","slug":"menor-de-potiragua-e-internada-com-meningite-em-hospital-de-itabuna","status":"publish","type":"post","link":"https:\/\/www.sudoestehoje.com.br\/novoportal\/2014\/09\/11\/menor-de-potiragua-e-internada-com-meningite-em-hospital-de-itabuna\/","title":{"rendered":"MENOR DE POTIRAGU\u00c1 \u00c9 INTERNADA COM MENINGITE EM HOSPITAL DE ITABUNA"},"content":{"rendered":"<p><a href=\"http:\/\/www.sudoestehoje.com.br\/novoportal\/wp-content\/uploads\/2014\/09\/HBI.jpg\"><img loading=\"lazy\" decoding=\"async\" class=\"aligncenter size-medium wp-image-41745\" src=\"http:\/\/www.sudoestehoje.com.br\/novoportal\/wp-content\/uploads\/2014\/09\/HBI-500x264.jpg\" alt=\"HBI\" width=\"500\" height=\"264\" srcset=\"https:\/\/www.sudoestehoje.com.br\/novoportal\/wp-content\/uploads\/2014\/09\/HBI-500x264.jpg 500w, https:\/\/www.sudoestehoje.com.br\/novoportal\/wp-content\/uploads\/2014\/09\/HBI-700x370.jpg 700w, https:\/\/www.sudoestehoje.com.br\/novoportal\/wp-content\/uploads\/2014\/09\/HBI.jpg 1920w\" sizes=\"auto, (max-width: 500px) 100vw, 500px\" \/><\/a><\/p>\n<p>Uma menor de 16 anos de iniciais M.S.S est\u00e1 internada na \u00e1rea de isolamento do hospital de Base de Itabuna com o quadro de meningite viral. Segundo informa\u00e7\u00f5es, a dire\u00e7\u00e3o do Hospital n\u00e3o confirmou as informa\u00e7\u00f5es, mas membros da equipe t\u00e9cnica do hospital confirmaram.<\/p>\n<p>A paciente, que mora em Potiragu\u00e1, chegou ao hospital no in\u00edcio desta semana e assim que foi diagnosticada meningite viral, ela foi levada para \u00e1rea de isolamento.<\/p>\n<p>Por ser meningite viral, o tratamento ser\u00e1 realizado no hospital, sem necessidade de transfer\u00eancia para a capital do estado. A menor est\u00e1 sendo medicada e fazendo v\u00e1rios exames. Pol\u00edticos do Sul<\/p>\n","protected":false},"excerpt":{"rendered":"<p>Uma menor de 16 anos de iniciais M.S.S est\u00e1 internada na \u00e1rea de isolamento do hospital de Base de Itabuna com o quadro de meningite viral. Segundo informa\u00e7\u00f5es, a dire\u00e7\u00e3o do Hospital n\u00e3o confirmou as informa\u00e7\u00f5es, mas membros da equipe t\u00e9cnica do hospital confirmaram. A paciente, que mora em Potiragu\u00e1, chegou ao hospital no in\u00edcio [&hellip;]<\/p>\n","protected":false},"author":2,"featured_media":0,"comment_status":"open","ping_status":"open","sticky":false,"template":"","format":"standard","meta":{"footnotes":"","_links_to":"","_links_to_target":""},"categories":[1],"tags":[],"class_list":["post-41742","post","type-post","status-publish","format-standard","hentry","category-geral"],"views":3282,"_links":{"self":[{"href":"https:\/\/www.sudoestehoje.com.br\/novoportal\/wp-json\/wp\/v2\/posts\/41742","targetHints":{"allow":["GET"]}}],"collection":[{"href":"https:\/\/www.sudoestehoje.com.br\/novoportal\/wp-json\/wp\/v2\/posts"}],"about":[{"href":"https:\/\/www.sudoestehoje.com.br\/novoportal\/wp-json\/wp\/v2\/types\/post"}],"author":[{"embeddable":true,"href":"https:\/\/www.sudoestehoje.com.br\/novoportal\/wp-json\/wp\/v2\/users\/2"}],"replies":[{"embeddable":true,"href":"https:\/\/www.sudoestehoje.com.br\/novoportal\/wp-json\/wp\/v2\/comments?post=41742"}],"version-history":[{"count":4,"href":"https:\/\/www.sudoestehoje.com.br\/novoportal\/wp-json\/wp\/v2\/posts\/41742\/revisions"}],"predecessor-version":[{"id":41747,"href":"https:\/\/www.sudoestehoje.com.br\/novoportal\/wp-json\/wp\/v2\/posts\/41742\/revisions\/41747"}],"wp:attachment":[{"href":"https:\/\/www.sudoestehoje.com.br\/novoportal\/wp-json\/wp\/v2\/media?parent=41742"}],"wp:term":[{"taxonomy":"category","embeddable":true,"href":"https:\/\/www.sudoestehoje.com.br\/novoportal\/wp-json\/wp\/v2\/categories?post=41742"},{"taxonomy":"post_tag","embeddable":true,"href":"https:\/\/www.sudoestehoje.com.br\/novoportal\/wp-json\/wp\/v2\/tags?post=41742"}],"curies":[{"name":"wp","href":"https:\/\/api.w.org\/{rel}","templated":true}]}}