
{"id":41715,"date":"2014-09-10T22:13:43","date_gmt":"2014-09-11T01:13:43","guid":{"rendered":"http:\/\/www.sudoestehoje.com.br\/novoportal\/?p=41715"},"modified":"2014-09-10T22:15:43","modified_gmt":"2014-09-11T01:15:43","slug":"pesquisa-datafolha-mostra-empate-tecnico-entre-dilma-e-marina","status":"publish","type":"post","link":"https:\/\/www.sudoestehoje.com.br\/novoportal\/2014\/09\/10\/pesquisa-datafolha-mostra-empate-tecnico-entre-dilma-e-marina\/","title":{"rendered":"PESQUISA DATAFOLHA MOSTRA EMPATE T\u00c9CNICO ENTRE DILMA E MARINA"},"content":{"rendered":"<p><a href=\"http:\/\/www.sudoestehoje.com.br\/novoportal\/wp-content\/uploads\/2014\/09\/DILMA-X-MARINA.jpg\"><img loading=\"lazy\" decoding=\"async\" class=\"aligncenter size-full wp-image-41716\" src=\"http:\/\/www.sudoestehoje.com.br\/novoportal\/wp-content\/uploads\/2014\/09\/DILMA-X-MARINA.jpg\" alt=\"DILMA X MARINA\" width=\"450\" height=\"338\" \/><\/a><\/p>\n<p>A presidente Dilma Rousseff (PT), candidata \u00e0 reelei\u00e7\u00e3o, oscilou de 35% para 36%, de acordo com pesquisa do Instituto Datafolha divulgada na noite desta quarta-feira pela Rede Globo. Segundo o levantamento, Marina Silva (PSB) oscilou de 34% para 33% e A\u00e9cio Neves (PSDB), de 14% para 15%, na compara\u00e7\u00e3o com a pesquisa anterior, divulgada no \u00faltimo dia 3. Os candidatos Pastor Everaldo (PSC), Luciana Genro (PSOL) e Eduardo Jorge (PV) aparecem com 1% cada.<\/p>\n<p>N\u00e3o atingiram 1% das inten\u00e7\u00f5es de voto os candidatos Jos\u00e9 Maria (PSTU), Rui Costa Pimenta (PCO), Eymael (PSDC), Levy Fidelix (PRTB) e Mauro Iasi (PCB). Votos em branco e nulos somaram 6% e indecisos, 7%. A pesquisa Datafolha foi contratada pela Rede Globo e pelo jornal Folha de S.Paulo.<\/p>\n<p>Foram ouvidos 10.568 eleitores em 373 munic\u00edpios entre 8 e 9 de setembro. A margem de erro \u00e9 de dois pontos percentuais para mais ou para menos e o n\u00edvel de confian\u00e7a \u00e9 de 95% \u2013 se forem feitos 100 levantamentos, em 95 deles os resultados estariam dentro da margem de erro de dois pontos prevista. A pesquisa est\u00e1 registrada no Tribunal Superior Eleitoral (TSE) sob o n\u00famero BR-00584\/2014.<\/p>\n","protected":false},"excerpt":{"rendered":"<p>A presidente Dilma Rousseff (PT), candidata \u00e0 reelei\u00e7\u00e3o, oscilou de 35% para 36%, de acordo com pesquisa do Instituto Datafolha divulgada na noite desta quarta-feira pela Rede Globo. Segundo o levantamento, Marina Silva (PSB) oscilou de 34% para 33% e A\u00e9cio Neves (PSDB), de 14% para 15%, na compara\u00e7\u00e3o com a pesquisa anterior, divulgada no [&hellip;]<\/p>\n","protected":false},"author":2,"featured_media":0,"comment_status":"open","ping_status":"open","sticky":false,"template":"","format":"standard","meta":{"footnotes":"","_links_to":"","_links_to_target":""},"categories":[1],"tags":[],"class_list":["post-41715","post","type-post","status-publish","format-standard","hentry","category-geral"],"views":1125,"_links":{"self":[{"href":"https:\/\/www.sudoestehoje.com.br\/novoportal\/wp-json\/wp\/v2\/posts\/41715","targetHints":{"allow":["GET"]}}],"collection":[{"href":"https:\/\/www.sudoestehoje.com.br\/novoportal\/wp-json\/wp\/v2\/posts"}],"about":[{"href":"https:\/\/www.sudoestehoje.com.br\/novoportal\/wp-json\/wp\/v2\/types\/post"}],"author":[{"embeddable":true,"href":"https:\/\/www.sudoestehoje.com.br\/novoportal\/wp-json\/wp\/v2\/users\/2"}],"replies":[{"embeddable":true,"href":"https:\/\/www.sudoestehoje.com.br\/novoportal\/wp-json\/wp\/v2\/comments?post=41715"}],"version-history":[{"count":2,"href":"https:\/\/www.sudoestehoje.com.br\/novoportal\/wp-json\/wp\/v2\/posts\/41715\/revisions"}],"predecessor-version":[{"id":41718,"href":"https:\/\/www.sudoestehoje.com.br\/novoportal\/wp-json\/wp\/v2\/posts\/41715\/revisions\/41718"}],"wp:attachment":[{"href":"https:\/\/www.sudoestehoje.com.br\/novoportal\/wp-json\/wp\/v2\/media?parent=41715"}],"wp:term":[{"taxonomy":"category","embeddable":true,"href":"https:\/\/www.sudoestehoje.com.br\/novoportal\/wp-json\/wp\/v2\/categories?post=41715"},{"taxonomy":"post_tag","embeddable":true,"href":"https:\/\/www.sudoestehoje.com.br\/novoportal\/wp-json\/wp\/v2\/tags?post=41715"}],"curies":[{"name":"wp","href":"https:\/\/api.w.org\/{rel}","templated":true}]}}