
{"id":41709,"date":"2014-09-10T22:03:09","date_gmt":"2014-09-11T01:03:09","guid":{"rendered":"http:\/\/www.sudoestehoje.com.br\/novoportal\/?p=41709"},"modified":"2014-09-10T22:08:38","modified_gmt":"2014-09-11T01:08:38","slug":"pesquisa-ibope-com-46-paulo-soto-seria-eleito-no-primeiro-turno","status":"publish","type":"post","link":"https:\/\/www.sudoestehoje.com.br\/novoportal\/2014\/09\/10\/pesquisa-ibope-com-46-paulo-soto-seria-eleito-no-primeiro-turno\/","title":{"rendered":"PESQUISA IBOPE: COM 46% PAULO SOUTO SERIA ELEITO NO PRIMEIRO TURNO"},"content":{"rendered":"<p><a href=\"http:\/\/www.sudoestehoje.com.br\/novoportal\/wp-content\/uploads\/2014\/09\/paulosouto5.jpg\"><img loading=\"lazy\" decoding=\"async\" class=\"aligncenter size-medium wp-image-41710\" src=\"http:\/\/www.sudoestehoje.com.br\/novoportal\/wp-content\/uploads\/2014\/09\/paulosouto5-500x353.jpg\" alt=\"paulosouto(5)\" width=\"500\" height=\"353\" srcset=\"https:\/\/www.sudoestehoje.com.br\/novoportal\/wp-content\/uploads\/2014\/09\/paulosouto5-500x353.jpg 500w, https:\/\/www.sudoestehoje.com.br\/novoportal\/wp-content\/uploads\/2014\/09\/paulosouto5-700x495.jpg 700w, https:\/\/www.sudoestehoje.com.br\/novoportal\/wp-content\/uploads\/2014\/09\/paulosouto5.jpg 1551w\" sizes=\"auto, (max-width: 500px) 100vw, 500px\" \/><\/a><\/p>\n<p>Foi divulgado h\u00e1 pouco pelo jornal BATV 2\u00aa edi\u00e7\u00e3o, da Rede Bahia, mais uma pesquisa Ibope sobre a corrida eleitoral para o governo baiano. Segundo levantamento, o candidato Paulo Souto (DEM) segue liderando com 46%, seguido de Rui Costa (PT) com 24% e L\u00eddice da Mata (PSB) com 6% das inten\u00e7\u00f5es de votos. J\u00e1 os candidatos Da Luz (PRTB) e Marcos Mendes (PSOL) obtiveram 1%. Renata Mallet (PSTU) n\u00e3o pontuou. Os candidatos que votariam branco e nulos somaram 11%, assim como os indecisos que tamb\u00e9m somaram 11%.<\/p>\n<p>A pesquisa Ibope tamb\u00e9m aferiu o \u00edndice de rejei\u00e7\u00e3o dos candidatos, colocando Da Luz no topo dos candidatos rejeitados com 24%, seguido de Paulo Souto (23%), L\u00eddice da Mata (21%), Rui Costa (20%), Renata Mallet (16%) e Marcos Mendes (15%). Em um eventual segundo turno entre Rui Costa e Paulo Souto, o democrata venceria com 50% dos votos, contra 29% do petista.<\/p>\n<p>Ainda segundo o Ibope, apenas 6% dos entrevistados avaliaram o atual governo como \u00f3timo; 26% como bom, 39% como regular, 13% ruim, tamb\u00e9m 13% como p\u00e9ssima e 4% das pessoas que responderam o question\u00e1rio n\u00e3o souberam opinar. A margem de erro \u00e9 de tr\u00eas pontos para mais ou para menos, com n\u00edvel de confian\u00e7a de 95%.<\/p>\n<p>A pesquisa que foi realizada entre os dias 06 e 09 de setembro, entrevistou 1.512 eleitores, em 84 munic\u00edpios baiano. A pesquisa est\u00e1 registrada no Tribunal Regional Eleitoral (TRE) sob o n\u00famero 00020\/2014, e no Tribunal Superior Eleitoral (TSE) sob o n\u00famero 00581\/2014.<\/p>\n","protected":false},"excerpt":{"rendered":"<p>Foi divulgado h\u00e1 pouco pelo jornal BATV 2\u00aa edi\u00e7\u00e3o, da Rede Bahia, mais uma pesquisa Ibope sobre a corrida eleitoral para o governo baiano. Segundo levantamento, o candidato Paulo Souto (DEM) segue liderando com 46%, seguido de Rui Costa (PT) com 24% e L\u00eddice da Mata (PSB) com 6% das inten\u00e7\u00f5es de votos. J\u00e1 os [&hellip;]<\/p>\n","protected":false},"author":2,"featured_media":0,"comment_status":"open","ping_status":"open","sticky":false,"template":"","format":"standard","meta":{"footnotes":"","_links_to":"","_links_to_target":""},"categories":[1],"tags":[],"class_list":["post-41709","post","type-post","status-publish","format-standard","hentry","category-geral"],"views":1422,"_links":{"self":[{"href":"https:\/\/www.sudoestehoje.com.br\/novoportal\/wp-json\/wp\/v2\/posts\/41709","targetHints":{"allow":["GET"]}}],"collection":[{"href":"https:\/\/www.sudoestehoje.com.br\/novoportal\/wp-json\/wp\/v2\/posts"}],"about":[{"href":"https:\/\/www.sudoestehoje.com.br\/novoportal\/wp-json\/wp\/v2\/types\/post"}],"author":[{"embeddable":true,"href":"https:\/\/www.sudoestehoje.com.br\/novoportal\/wp-json\/wp\/v2\/users\/2"}],"replies":[{"embeddable":true,"href":"https:\/\/www.sudoestehoje.com.br\/novoportal\/wp-json\/wp\/v2\/comments?post=41709"}],"version-history":[{"count":4,"href":"https:\/\/www.sudoestehoje.com.br\/novoportal\/wp-json\/wp\/v2\/posts\/41709\/revisions"}],"predecessor-version":[{"id":41714,"href":"https:\/\/www.sudoestehoje.com.br\/novoportal\/wp-json\/wp\/v2\/posts\/41709\/revisions\/41714"}],"wp:attachment":[{"href":"https:\/\/www.sudoestehoje.com.br\/novoportal\/wp-json\/wp\/v2\/media?parent=41709"}],"wp:term":[{"taxonomy":"category","embeddable":true,"href":"https:\/\/www.sudoestehoje.com.br\/novoportal\/wp-json\/wp\/v2\/categories?post=41709"},{"taxonomy":"post_tag","embeddable":true,"href":"https:\/\/www.sudoestehoje.com.br\/novoportal\/wp-json\/wp\/v2\/tags?post=41709"}],"curies":[{"name":"wp","href":"https:\/\/api.w.org\/{rel}","templated":true}]}}