
{"id":41702,"date":"2014-09-10T17:24:00","date_gmt":"2014-09-10T20:24:00","guid":{"rendered":"http:\/\/www.sudoestehoje.com.br\/novoportal\/?p=41702"},"modified":"2014-09-10T17:24:00","modified_gmt":"2014-09-10T20:24:00","slug":"advogada-desaparecida-de-itarantim-e-encontrada-morta-na-ba-263","status":"publish","type":"post","link":"https:\/\/www.sudoestehoje.com.br\/novoportal\/2014\/09\/10\/advogada-desaparecida-de-itarantim-e-encontrada-morta-na-ba-263\/","title":{"rendered":"ADVOGADA DESAPARECIDA DE ITARANTIM \u00c9 ENCONTRADA MORTA NA BA-263"},"content":{"rendered":"<p style=\"color: #000000;\"><a href=\"http:\/\/www.sudoestehoje.com.br\/novoportal\/wp-content\/uploads\/2014\/09\/carollina2.jpg\"><img loading=\"lazy\" decoding=\"async\" class=\"aligncenter size-medium wp-image-41703\" src=\"http:\/\/www.sudoestehoje.com.br\/novoportal\/wp-content\/uploads\/2014\/09\/carollina2-500x375.jpg\" alt=\"carollina2\" width=\"500\" height=\"375\" srcset=\"https:\/\/www.sudoestehoje.com.br\/novoportal\/wp-content\/uploads\/2014\/09\/carollina2-500x375.jpg 500w, https:\/\/www.sudoestehoje.com.br\/novoportal\/wp-content\/uploads\/2014\/09\/carollina2-700x525.jpg 700w, https:\/\/www.sudoestehoje.com.br\/novoportal\/wp-content\/uploads\/2014\/09\/carollina2.jpg 800w\" sizes=\"auto, (max-width: 500px) 100vw, 500px\" \/><\/a><\/p>\n<p style=\"color: #000000;\">Uma advogada de Itarantim foi encontrada morta, dentro de um ve\u00edculo acidentado na BA-263, ap\u00f3s desaparecer em uma viagem para Vit\u00f3ria da Conquista. Carolina Silva Pena saiu de Itarantim na \u00faltima ter\u00e7a-feira (9), por volta das 15h, e n\u00e3o manteve mais contato com a fam\u00edlia.<\/p>\n<p style=\"color: #000000;\">Por volta das 12h desta quarta, o ve\u00edculo da advogada, um GM Celta preto, foi encontrado na BA 263, entre as cidades de Itapetinga e Itamb\u00e9. A regi\u00e3o que o ve\u00edculo estava \u00e9 conhecida como Mata Escura.<\/p>\n<p style=\"color: #000000;\"><a href=\"http:\/\/www.sudoestehoje.com.br\/novoportal\/wp-content\/uploads\/2014\/09\/carolina.jpg\"><img loading=\"lazy\" decoding=\"async\" class=\"aligncenter  wp-image-41704\" src=\"http:\/\/www.sudoestehoje.com.br\/novoportal\/wp-content\/uploads\/2014\/09\/carolina-310x500.jpg\" alt=\"carolina\" width=\"283\" height=\"456\" srcset=\"https:\/\/www.sudoestehoje.com.br\/novoportal\/wp-content\/uploads\/2014\/09\/carolina-310x500.jpg 310w, https:\/\/www.sudoestehoje.com.br\/novoportal\/wp-content\/uploads\/2014\/09\/carolina-434x700.jpg 434w, https:\/\/www.sudoestehoje.com.br\/novoportal\/wp-content\/uploads\/2014\/09\/carolina.jpg 448w\" sizes=\"auto, (max-width: 283px) 100vw, 283px\" \/><\/a><\/p>\n<p style=\"color: #000000;\">A Pol\u00edcia Militar informou que uma mulher com as mesmas caracter\u00edsticas de Carolina foi encontrada dentro do carro. O Departamento de Pol\u00edcia T\u00e9cnica (DPT) de Itapetinga esteve no local e aguarda o reconhecimento do corpo. Ainda n\u00e3o foi informado o motivo da morte.<\/p>\n<p style=\"color: #000000;\">A fam\u00edlia da advogada chegou a fazer um apelo atrav\u00e9s do quadro de desaparecidos do BATV, na TV Sudoeste, na tentativa de reencontr\u00e1-la. Resenha Geral<\/p>\n","protected":false},"excerpt":{"rendered":"<p>Uma advogada de Itarantim foi encontrada morta, dentro de um ve\u00edculo acidentado na BA-263, ap\u00f3s desaparecer em uma viagem para Vit\u00f3ria da Conquista. Carolina Silva Pena saiu de Itarantim na \u00faltima ter\u00e7a-feira (9), por volta das 15h, e n\u00e3o manteve mais contato com a fam\u00edlia. Por volta das 12h desta quarta, o ve\u00edculo da advogada, [&hellip;]<\/p>\n","protected":false},"author":2,"featured_media":0,"comment_status":"open","ping_status":"open","sticky":false,"template":"","format":"standard","meta":{"footnotes":"","_links_to":"","_links_to_target":""},"categories":[1],"tags":[],"class_list":["post-41702","post","type-post","status-publish","format-standard","hentry","category-geral"],"views":1949,"_links":{"self":[{"href":"https:\/\/www.sudoestehoje.com.br\/novoportal\/wp-json\/wp\/v2\/posts\/41702","targetHints":{"allow":["GET"]}}],"collection":[{"href":"https:\/\/www.sudoestehoje.com.br\/novoportal\/wp-json\/wp\/v2\/posts"}],"about":[{"href":"https:\/\/www.sudoestehoje.com.br\/novoportal\/wp-json\/wp\/v2\/types\/post"}],"author":[{"embeddable":true,"href":"https:\/\/www.sudoestehoje.com.br\/novoportal\/wp-json\/wp\/v2\/users\/2"}],"replies":[{"embeddable":true,"href":"https:\/\/www.sudoestehoje.com.br\/novoportal\/wp-json\/wp\/v2\/comments?post=41702"}],"version-history":[{"count":1,"href":"https:\/\/www.sudoestehoje.com.br\/novoportal\/wp-json\/wp\/v2\/posts\/41702\/revisions"}],"predecessor-version":[{"id":41705,"href":"https:\/\/www.sudoestehoje.com.br\/novoportal\/wp-json\/wp\/v2\/posts\/41702\/revisions\/41705"}],"wp:attachment":[{"href":"https:\/\/www.sudoestehoje.com.br\/novoportal\/wp-json\/wp\/v2\/media?parent=41702"}],"wp:term":[{"taxonomy":"category","embeddable":true,"href":"https:\/\/www.sudoestehoje.com.br\/novoportal\/wp-json\/wp\/v2\/categories?post=41702"},{"taxonomy":"post_tag","embeddable":true,"href":"https:\/\/www.sudoestehoje.com.br\/novoportal\/wp-json\/wp\/v2\/tags?post=41702"}],"curies":[{"name":"wp","href":"https:\/\/api.w.org\/{rel}","templated":true}]}}