
{"id":41687,"date":"2014-09-10T12:11:45","date_gmt":"2014-09-10T15:11:45","guid":{"rendered":"http:\/\/www.sudoestehoje.com.br\/novoportal\/?p=41687"},"modified":"2014-09-10T12:11:45","modified_gmt":"2014-09-10T15:11:45","slug":"prefeitura-nao-paga-terceirizada-e-itapetinga-fica-sem-coleta-de-lixo","status":"publish","type":"post","link":"https:\/\/www.sudoestehoje.com.br\/novoportal\/2014\/09\/10\/prefeitura-nao-paga-terceirizada-e-itapetinga-fica-sem-coleta-de-lixo\/","title":{"rendered":"PREFEITURA N\u00c3O PAGA TERCEIRIZADA E ITAPETINGA FICA SEM COLETA DE LIXO"},"content":{"rendered":"<div id=\"attachment_41688\" style=\"width: 510px\" class=\"wp-caption aligncenter\"><a href=\"http:\/\/www.sudoestehoje.com.br\/novoportal\/wp-content\/uploads\/2014\/09\/LIXO1.jpg\"><img loading=\"lazy\" decoding=\"async\" aria-describedby=\"caption-attachment-41688\" class=\"size-medium wp-image-41688\" src=\"http:\/\/www.sudoestehoje.com.br\/novoportal\/wp-content\/uploads\/2014\/09\/LIXO1-500x300.jpg\" alt=\"Com a paralisa\u00e7\u00e3o dos empregados da Vita, Itapetinga amanheceu assim.\" width=\"500\" height=\"300\" srcset=\"https:\/\/www.sudoestehoje.com.br\/novoportal\/wp-content\/uploads\/2014\/09\/LIXO1-500x300.jpg 500w, https:\/\/www.sudoestehoje.com.br\/novoportal\/wp-content\/uploads\/2014\/09\/LIXO1-700x420.jpg 700w, https:\/\/www.sudoestehoje.com.br\/novoportal\/wp-content\/uploads\/2014\/09\/LIXO1.jpg 960w\" sizes=\"auto, (max-width: 500px) 100vw, 500px\" \/><\/a><p id=\"caption-attachment-41688\" class=\"wp-caption-text\">Com a paralisa\u00e7\u00e3o dos empregados da Vita, Itapetinga amanheceu com lixo espalhado em todos os bairros. Fotos Sudoeste Hoje.<\/p><\/div>\n<p>Por absoluta irresponsabilidade e falta de planejamento da prefeitura de Itapetinga, que n\u00e3o honra seus compromissos com a empresa contratada para a coleta de lixo no munic\u00edpio, os funcion\u00e1rios da Vita Ambiental voltaram a paralisar suas atividades nesta ter\u00e7a-feira, deixando a cidade entregue \u00e0 sujeira e aos indesej\u00e1veis urubus.<\/p>\n<div id=\"attachment_41691\" style=\"width: 510px\" class=\"wp-caption aligncenter\"><a href=\"http:\/\/www.sudoestehoje.com.br\/novoportal\/wp-content\/uploads\/2014\/09\/LIXO2.jpg\"><img loading=\"lazy\" decoding=\"async\" aria-describedby=\"caption-attachment-41691\" class=\"size-medium wp-image-41691\" src=\"http:\/\/www.sudoestehoje.com.br\/novoportal\/wp-content\/uploads\/2014\/09\/LIXO2-500x300.jpg\" alt=\"Lixo espalhado nas proximidades da Secretaria Municipal de Transportes e Servi\u00e7os P\u00fablicos, respons\u00e1vel pela limpeza p\u00fablica no munic\u00edpio.\" width=\"500\" height=\"300\" srcset=\"https:\/\/www.sudoestehoje.com.br\/novoportal\/wp-content\/uploads\/2014\/09\/LIXO2-500x300.jpg 500w, https:\/\/www.sudoestehoje.com.br\/novoportal\/wp-content\/uploads\/2014\/09\/LIXO2-700x420.jpg 700w, https:\/\/www.sudoestehoje.com.br\/novoportal\/wp-content\/uploads\/2014\/09\/LIXO2.jpg 960w\" sizes=\"auto, (max-width: 500px) 100vw, 500px\" \/><\/a><p id=\"caption-attachment-41691\" class=\"wp-caption-text\">Lixo espalhado nas proximidades da Secretaria Municipal de Transportes e Servi\u00e7os P\u00fablicos, respons\u00e1vel pela limpeza p\u00fablica no munic\u00edpio.<\/p><\/div>\n<p>A Vita Ambiental, segundo informa\u00e7\u00f5es j\u00e1 divulgadas neste blog, \u00e9 parceira do prefeito Z\u00e9 Carlos desde a \u00e9poca das elei\u00e7\u00f5es de 2012, tendo contribu\u00eddo financeiramente com a sua campanha, no exato momento em que a candidatura do petista entrava em decl\u00ednio e necessitava de recursos para n\u00e3o perder a elei\u00e7\u00e3o.<\/p>\n<p><a href=\"http:\/\/www.sudoestehoje.com.br\/novoportal\/wp-content\/uploads\/2014\/09\/LIXO3.jpg\"><img loading=\"lazy\" decoding=\"async\" class=\"aligncenter size-medium wp-image-41692\" src=\"http:\/\/www.sudoestehoje.com.br\/novoportal\/wp-content\/uploads\/2014\/09\/LIXO3-500x300.jpg\" alt=\"LIXO3\" width=\"500\" height=\"300\" srcset=\"https:\/\/www.sudoestehoje.com.br\/novoportal\/wp-content\/uploads\/2014\/09\/LIXO3-500x300.jpg 500w, https:\/\/www.sudoestehoje.com.br\/novoportal\/wp-content\/uploads\/2014\/09\/LIXO3-700x420.jpg 700w, https:\/\/www.sudoestehoje.com.br\/novoportal\/wp-content\/uploads\/2014\/09\/LIXO3.jpg 960w\" sizes=\"auto, (max-width: 500px) 100vw, 500px\" \/><\/a><\/p>\n<p>Contratada para realizar a coleta, a Vita Ambiental vem cumprindo a contento com as suas obriga\u00e7\u00f5es, mas n\u00e3o h\u00e1 reciprocidade por parte da administra\u00e7\u00e3o municipal, que atrasa constantemente o pagamento das parcelas do contrato. Com isto, a empresa terceirizada fica impossibilitada de pagar em dia os sal\u00e1rios dos seus empregados, que acabam suspendendo a coleta, com apoio do SINDILIMP-CUT.<\/p>\n<p><a href=\"http:\/\/www.sudoestehoje.com.br\/novoportal\/wp-content\/uploads\/2014\/09\/LIXO4.jpg\"><img loading=\"lazy\" decoding=\"async\" class=\"aligncenter size-medium wp-image-41693\" src=\"http:\/\/www.sudoestehoje.com.br\/novoportal\/wp-content\/uploads\/2014\/09\/LIXO4-500x300.jpg\" alt=\"LIXO4\" width=\"500\" height=\"300\" srcset=\"https:\/\/www.sudoestehoje.com.br\/novoportal\/wp-content\/uploads\/2014\/09\/LIXO4-500x300.jpg 500w, https:\/\/www.sudoestehoje.com.br\/novoportal\/wp-content\/uploads\/2014\/09\/LIXO4-700x420.jpg 700w, https:\/\/www.sudoestehoje.com.br\/novoportal\/wp-content\/uploads\/2014\/09\/LIXO4.jpg 960w\" sizes=\"auto, (max-width: 500px) 100vw, 500px\" \/><\/a><\/p>\n<p>Segundo informa\u00e7\u00f5es de empregados da Vita, a empresa cumpre todas as suas obriga\u00e7\u00f5es trabalhistas, disponibilizando, ainda, cesta b\u00e1sica, plano de sa\u00fade, assist\u00eancia odontol\u00f3gica e outras vantagens aos seus empregados.<\/p>\n<p>S\u00f3 n\u00e3o pode fazer milagre.<\/p>\n<p><strong><em>Por Davi Ferraz<\/em><\/strong><\/p>\n<p>&nbsp;<\/p>\n","protected":false},"excerpt":{"rendered":"<p>Por absoluta irresponsabilidade e falta de planejamento da prefeitura de Itapetinga, que n\u00e3o honra seus compromissos com a empresa contratada para a coleta de lixo no munic\u00edpio, os funcion\u00e1rios da Vita Ambiental voltaram a paralisar suas atividades nesta ter\u00e7a-feira, deixando a cidade entregue \u00e0 sujeira e aos indesej\u00e1veis urubus. A Vita Ambiental, segundo informa\u00e7\u00f5es j\u00e1 [&hellip;]<\/p>\n","protected":false},"author":2,"featured_media":0,"comment_status":"open","ping_status":"open","sticky":false,"template":"","format":"standard","meta":{"footnotes":"","_links_to":"","_links_to_target":""},"categories":[1],"tags":[],"class_list":["post-41687","post","type-post","status-publish","format-standard","hentry","category-geral"],"views":1507,"_links":{"self":[{"href":"https:\/\/www.sudoestehoje.com.br\/novoportal\/wp-json\/wp\/v2\/posts\/41687","targetHints":{"allow":["GET"]}}],"collection":[{"href":"https:\/\/www.sudoestehoje.com.br\/novoportal\/wp-json\/wp\/v2\/posts"}],"about":[{"href":"https:\/\/www.sudoestehoje.com.br\/novoportal\/wp-json\/wp\/v2\/types\/post"}],"author":[{"embeddable":true,"href":"https:\/\/www.sudoestehoje.com.br\/novoportal\/wp-json\/wp\/v2\/users\/2"}],"replies":[{"embeddable":true,"href":"https:\/\/www.sudoestehoje.com.br\/novoportal\/wp-json\/wp\/v2\/comments?post=41687"}],"version-history":[{"count":5,"href":"https:\/\/www.sudoestehoje.com.br\/novoportal\/wp-json\/wp\/v2\/posts\/41687\/revisions"}],"predecessor-version":[{"id":41696,"href":"https:\/\/www.sudoestehoje.com.br\/novoportal\/wp-json\/wp\/v2\/posts\/41687\/revisions\/41696"}],"wp:attachment":[{"href":"https:\/\/www.sudoestehoje.com.br\/novoportal\/wp-json\/wp\/v2\/media?parent=41687"}],"wp:term":[{"taxonomy":"category","embeddable":true,"href":"https:\/\/www.sudoestehoje.com.br\/novoportal\/wp-json\/wp\/v2\/categories?post=41687"},{"taxonomy":"post_tag","embeddable":true,"href":"https:\/\/www.sudoestehoje.com.br\/novoportal\/wp-json\/wp\/v2\/tags?post=41687"}],"curies":[{"name":"wp","href":"https:\/\/api.w.org\/{rel}","templated":true}]}}