
{"id":41682,"date":"2014-09-10T01:21:52","date_gmt":"2014-09-10T04:21:52","guid":{"rendered":"http:\/\/www.sudoestehoje.com.br\/novoportal\/?p=41682"},"modified":"2014-09-10T01:21:52","modified_gmt":"2014-09-10T04:21:52","slug":"deputado-do-time-de-rui-e-otto-aparece-ao-lado-de-souto-e-geddel","status":"publish","type":"post","link":"https:\/\/www.sudoestehoje.com.br\/novoportal\/2014\/09\/10\/deputado-do-time-de-rui-e-otto-aparece-ao-lado-de-souto-e-geddel\/","title":{"rendered":"DEPUTADO DO &#8220;TIME DE RUI E OTTO&#8221; APARECE AO LADO DE SOUTO E GEDDEL"},"content":{"rendered":"<p><a href=\"http:\/\/www.sudoestehoje.com.br\/novoportal\/wp-content\/uploads\/2014\/09\/encruzilhada.jpg\"><img loading=\"lazy\" decoding=\"async\" class=\"aligncenter  wp-image-41683\" src=\"http:\/\/www.sudoestehoje.com.br\/novoportal\/wp-content\/uploads\/2014\/09\/encruzilhada.jpg\" alt=\"encruzilhada\" width=\"470\" height=\"346\" \/><\/a><\/p>\n<p>ENCRUZILHADA: Com a proximidade das elei\u00e7\u00f5es e a intensifica\u00e7\u00e3o das campanhas no interior do estado, placas com uni\u00f5es \u201cinusitadas\u201d t\u00eam se tornado recorrentes. Depois de\u00a0<a href=\"http:\/\/www.bahianoticias.com.br\/noticia\/159298-deputado-do-psd-aparece-em-propagandas-com-a-oposicao-e-rechaca-montagem.html\" target=\"_blank\"><span style=\"color: #006400;\">Rog\u00e9rio Andrade<\/span><\/a>\u00a0(PSD) e\u00a0<strong><a href=\"http:\/\/www.bahianoticias.com.br\/noticia\/159804-rosemberg-explica-placas-com-candidatos-da-oposicao-nada-tem-a-ver-com-o-meu-comite.html\" target=\"_blank\"><span style=\"color: #006400;\">Rosemberg Pinto<\/span><\/a><\/strong>\u00a0(PT), foi a vez do deputado federal e candidato a reelei\u00e7\u00e3o Jos\u00e9 Nunes (PSD) aparecer ao lado de Paulo Souto (DEM) e Geddel Vieira Lima (PMDB) em uma propaganda eleitoral colocada no munic\u00edpio de Encruzilhada, no sudoeste baiano. S\u00f3 que Nunes faz parte da coliga\u00e7\u00e3o \u201cPra Bahia Mudar Mais\u201d, da qual fazem parte Rui Costa (PT) e Otto Alencar (PSD). O candidato n\u00e3o foi encontrado para discutir o caso, mas assessores do deputado afirmaram que ele \u201cn\u00e3o tem controle\u201d sobre o que \u00e9 feito no interior.<\/p>\n","protected":false},"excerpt":{"rendered":"<p>ENCRUZILHADA: Com a proximidade das elei\u00e7\u00f5es e a intensifica\u00e7\u00e3o das campanhas no interior do estado, placas com uni\u00f5es \u201cinusitadas\u201d t\u00eam se tornado recorrentes. Depois de\u00a0Rog\u00e9rio Andrade\u00a0(PSD) e\u00a0Rosemberg Pinto\u00a0(PT), foi a vez do deputado federal e candidato a reelei\u00e7\u00e3o Jos\u00e9 Nunes (PSD) aparecer ao lado de Paulo Souto (DEM) e Geddel Vieira Lima (PMDB) em uma [&hellip;]<\/p>\n","protected":false},"author":2,"featured_media":0,"comment_status":"open","ping_status":"open","sticky":false,"template":"","format":"standard","meta":{"footnotes":"","_links_to":"","_links_to_target":""},"categories":[1],"tags":[],"class_list":["post-41682","post","type-post","status-publish","format-standard","hentry","category-geral"],"views":1362,"_links":{"self":[{"href":"https:\/\/www.sudoestehoje.com.br\/novoportal\/wp-json\/wp\/v2\/posts\/41682","targetHints":{"allow":["GET"]}}],"collection":[{"href":"https:\/\/www.sudoestehoje.com.br\/novoportal\/wp-json\/wp\/v2\/posts"}],"about":[{"href":"https:\/\/www.sudoestehoje.com.br\/novoportal\/wp-json\/wp\/v2\/types\/post"}],"author":[{"embeddable":true,"href":"https:\/\/www.sudoestehoje.com.br\/novoportal\/wp-json\/wp\/v2\/users\/2"}],"replies":[{"embeddable":true,"href":"https:\/\/www.sudoestehoje.com.br\/novoportal\/wp-json\/wp\/v2\/comments?post=41682"}],"version-history":[{"count":1,"href":"https:\/\/www.sudoestehoje.com.br\/novoportal\/wp-json\/wp\/v2\/posts\/41682\/revisions"}],"predecessor-version":[{"id":41684,"href":"https:\/\/www.sudoestehoje.com.br\/novoportal\/wp-json\/wp\/v2\/posts\/41682\/revisions\/41684"}],"wp:attachment":[{"href":"https:\/\/www.sudoestehoje.com.br\/novoportal\/wp-json\/wp\/v2\/media?parent=41682"}],"wp:term":[{"taxonomy":"category","embeddable":true,"href":"https:\/\/www.sudoestehoje.com.br\/novoportal\/wp-json\/wp\/v2\/categories?post=41682"},{"taxonomy":"post_tag","embeddable":true,"href":"https:\/\/www.sudoestehoje.com.br\/novoportal\/wp-json\/wp\/v2\/tags?post=41682"}],"curies":[{"name":"wp","href":"https:\/\/api.w.org\/{rel}","templated":true}]}}