
{"id":4163,"date":"2011-04-06T13:09:29","date_gmt":"2011-04-06T16:09:29","guid":{"rendered":"http:\/\/www.sudoestehoje.com.br\/novoportal\/?p=4163"},"modified":"2011-04-06T13:09:29","modified_gmt":"2011-04-06T16:09:29","slug":"uesb-professores-entram-em-greve-por-tempo-indeterminado","status":"publish","type":"post","link":"https:\/\/www.sudoestehoje.com.br\/novoportal\/2011\/04\/06\/uesb-professores-entram-em-greve-por-tempo-indeterminado\/","title":{"rendered":"UESB: PROFESSORES ENTRAM EM GREVE POR TEMPO INDETERMINADO"},"content":{"rendered":"<p style=\"text-align: center;\"><img decoding=\"async\" class=\"aligncenter\" src=\"http:\/\/www.vitoriadaconquista.com.br\/wp-content\/uploads\/2011\/03\/Diretoria-da-ADUSB-Cr%C3%A9dito-Ascom-ADUSB-400x266.jpg\" alt=\"\" \/><\/p>\n<p>\u00a0<\/p>\n<p>Os professores da Universidade Estadual do Sudoeste da Bahia (Uesb) aderiram a paralisa\u00e7\u00e3o realizada pelos alunos h\u00e1 9 dias. Em assembl\u00e9ia nesta ter\u00e7a-feira (5), a categoria entrou em greve por tempo indeterminado. As reclama\u00e7\u00f5es s\u00e3o as mesmas dos estudantes: eles pedem a\u00a0 revoga\u00e7\u00e3o do decreto 12.583, de fevereiro, que restringe o or\u00e7amento da universidade; e a retirada do acordo proposto pelo governo de uma cl\u00e1usula que determina que os professores s\u00f3 podem apresentar novas queixas e reivindica\u00e7\u00f5es em 2015. Os professores da Universidade Estadual de Feira de Santana (Uefs) e a\u00a0 Universidade Estadual de Santa Cruz (Uesc) tamb\u00e9m discutem a possibilidade de greve. BN<\/p>\n","protected":false},"excerpt":{"rendered":"<p>\u00a0 Os professores da Universidade Estadual do Sudoeste da Bahia (Uesb) aderiram a paralisa\u00e7\u00e3o realizada pelos alunos h\u00e1 9 dias. Em assembl\u00e9ia nesta ter\u00e7a-feira (5), a categoria entrou em greve por tempo indeterminado. As reclama\u00e7\u00f5es s\u00e3o as mesmas dos estudantes: eles pedem a\u00a0 revoga\u00e7\u00e3o do decreto 12.583, de fevereiro, que restringe o or\u00e7amento da universidade; [&hellip;]<\/p>\n","protected":false},"author":2,"featured_media":0,"comment_status":"open","ping_status":"open","sticky":false,"template":"","format":"standard","meta":{"footnotes":"","_links_to":"","_links_to_target":""},"categories":[1],"tags":[],"class_list":["post-4163","post","type-post","status-publish","format-standard","hentry","category-geral"],"views":1178,"_links":{"self":[{"href":"https:\/\/www.sudoestehoje.com.br\/novoportal\/wp-json\/wp\/v2\/posts\/4163","targetHints":{"allow":["GET"]}}],"collection":[{"href":"https:\/\/www.sudoestehoje.com.br\/novoportal\/wp-json\/wp\/v2\/posts"}],"about":[{"href":"https:\/\/www.sudoestehoje.com.br\/novoportal\/wp-json\/wp\/v2\/types\/post"}],"author":[{"embeddable":true,"href":"https:\/\/www.sudoestehoje.com.br\/novoportal\/wp-json\/wp\/v2\/users\/2"}],"replies":[{"embeddable":true,"href":"https:\/\/www.sudoestehoje.com.br\/novoportal\/wp-json\/wp\/v2\/comments?post=4163"}],"version-history":[{"count":3,"href":"https:\/\/www.sudoestehoje.com.br\/novoportal\/wp-json\/wp\/v2\/posts\/4163\/revisions"}],"predecessor-version":[{"id":4166,"href":"https:\/\/www.sudoestehoje.com.br\/novoportal\/wp-json\/wp\/v2\/posts\/4163\/revisions\/4166"}],"wp:attachment":[{"href":"https:\/\/www.sudoestehoje.com.br\/novoportal\/wp-json\/wp\/v2\/media?parent=4163"}],"wp:term":[{"taxonomy":"category","embeddable":true,"href":"https:\/\/www.sudoestehoje.com.br\/novoportal\/wp-json\/wp\/v2\/categories?post=4163"},{"taxonomy":"post_tag","embeddable":true,"href":"https:\/\/www.sudoestehoje.com.br\/novoportal\/wp-json\/wp\/v2\/tags?post=4163"}],"curies":[{"name":"wp","href":"https:\/\/api.w.org\/{rel}","templated":true}]}}