
{"id":416,"date":"2010-07-31T12:57:43","date_gmt":"2010-07-31T15:57:43","guid":{"rendered":"http:\/\/sudoestehoje.tempsite.ws\/novoportal\/?p=416"},"modified":"2010-09-18T15:30:15","modified_gmt":"2010-09-18T18:30:15","slug":"marina-exonera-dois-assessores","status":"publish","type":"post","link":"https:\/\/www.sudoestehoje.com.br\/novoportal\/2010\/07\/31\/marina-exonera-dois-assessores\/","title":{"rendered":"MARINA EXONERA DOIS ASSESSORES"},"content":{"rendered":"<div>\n<div style=\"text-align: center;\"><img decoding=\"async\" src=\"http:\/\/silviasaron.files.wordpress.com\/2009\/10\/02105543000.jpg\" border=\"0\" alt=\"\" \/><\/div>\n<p>A  candidata do PV \u00e0 Presid\u00eancia, Marina Silva, anunciou ontem, em nota  emitida pelo comando de sua campanha, a exonera\u00e7\u00e3o da assessora Jane  Maria Villas Boas. Funcion\u00e1ria do Senado, ela participou na quinta-feira  em Bauru de evento da agenda oficial da candidata. Al\u00e9m de Jane, o  assessor Pedro Ivo de Souza Batista foi exonerado \u201cpreventivamente\u201d. O  comunicado, assinado pelo coordenador da campanha, Jo\u00e3o Paulo  Capobianco, diz que Jane e Batista est\u00e3o em per\u00edodo de recesso  parlamentar (que come\u00e7ou no dia 17 e vai at\u00e9 segunda-feira), o que  libera a participa\u00e7\u00e3o deles em qualquer outra atividade, \u201cinclusive as  de cunho pol\u00edtico-eleitoral\u201d. (Ag\u00eancia Estado)<\/p>\n<\/div>\n","protected":false},"excerpt":{"rendered":"<p>A candidata do PV \u00e0 Presid\u00eancia, Marina Silva, anunciou ontem, em nota emitida pelo comando de sua campanha, a exonera\u00e7\u00e3o da assessora Jane Maria Villas Boas. Funcion\u00e1ria do Senado, ela participou na quinta-feira em Bauru de evento da agenda oficial da candidata. Al\u00e9m de Jane, o assessor Pedro Ivo de Souza Batista foi exonerado \u201cpreventivamente\u201d. [&hellip;]<\/p>\n","protected":false},"author":1,"featured_media":0,"comment_status":"open","ping_status":"open","sticky":false,"template":"","format":"standard","meta":{"footnotes":"","_links_to":"","_links_to_target":""},"categories":[1],"tags":[],"class_list":["post-416","post","type-post","status-publish","format-standard","hentry","category-geral"],"views":1766,"_links":{"self":[{"href":"https:\/\/www.sudoestehoje.com.br\/novoportal\/wp-json\/wp\/v2\/posts\/416","targetHints":{"allow":["GET"]}}],"collection":[{"href":"https:\/\/www.sudoestehoje.com.br\/novoportal\/wp-json\/wp\/v2\/posts"}],"about":[{"href":"https:\/\/www.sudoestehoje.com.br\/novoportal\/wp-json\/wp\/v2\/types\/post"}],"author":[{"embeddable":true,"href":"https:\/\/www.sudoestehoje.com.br\/novoportal\/wp-json\/wp\/v2\/users\/1"}],"replies":[{"embeddable":true,"href":"https:\/\/www.sudoestehoje.com.br\/novoportal\/wp-json\/wp\/v2\/comments?post=416"}],"version-history":[{"count":1,"href":"https:\/\/www.sudoestehoje.com.br\/novoportal\/wp-json\/wp\/v2\/posts\/416\/revisions"}],"predecessor-version":[{"id":417,"href":"https:\/\/www.sudoestehoje.com.br\/novoportal\/wp-json\/wp\/v2\/posts\/416\/revisions\/417"}],"wp:attachment":[{"href":"https:\/\/www.sudoestehoje.com.br\/novoportal\/wp-json\/wp\/v2\/media?parent=416"}],"wp:term":[{"taxonomy":"category","embeddable":true,"href":"https:\/\/www.sudoestehoje.com.br\/novoportal\/wp-json\/wp\/v2\/categories?post=416"},{"taxonomy":"post_tag","embeddable":true,"href":"https:\/\/www.sudoestehoje.com.br\/novoportal\/wp-json\/wp\/v2\/tags?post=416"}],"curies":[{"name":"wp","href":"https:\/\/api.w.org\/{rel}","templated":true}]}}