
{"id":4156,"date":"2011-04-06T12:06:09","date_gmt":"2011-04-06T15:06:09","guid":{"rendered":"http:\/\/www.sudoestehoje.com.br\/novoportal\/?p=4156"},"modified":"2011-04-06T12:06:09","modified_gmt":"2011-04-06T15:06:09","slug":"goleiro-bruno-pode-ser-solto-nesta-quarta","status":"publish","type":"post","link":"https:\/\/www.sudoestehoje.com.br\/novoportal\/2011\/04\/06\/goleiro-bruno-pode-ser-solto-nesta-quarta\/","title":{"rendered":"GOLEIRO BRUNO PODE SER SOLTO NESTA QUARTA"},"content":{"rendered":"<p style=\"text-align: center;\"><img decoding=\"async\" src=\"http:\/\/alexrudson.files.wordpress.com\/2010\/07\/charge-goleiro-bruno2484.jpg\" alt=\"\" \/><\/p>\n<p style=\"text-align: center;\"><em><strong>Ser\u00e1 que ele volta ao flamengo?<\/strong><\/em><\/p>\n<p>\u00a0<\/p>\n<p>O Tribunal de Justi\u00e7a de Minas Gerais (TJ-MG) julgar\u00e1 nesta quarta-feira (6) o pedido de habeas corpus para o goleiro Bruno Fernandes, que responde processo por ter supostamente seq\u00fcestrado e assassinado a ex-amante Eliza Samudio. A possibilidade do goleiro ser libertado antes do julgamento traz \u00e0 tona a demora da justi\u00e7a brasileira em apreciar caso como este, que envolve um crime hediondo.\u00a0 Bruno est\u00e1 h\u00e1 oito meses numa cela em galeria especial na Penitenci\u00e1ria Nelson Hungria, em Contagem, na Grande BH.<\/p>\n<p><em>\u201cSou rigoroso e inteiramente contra a ideia de colocar um acusado de crime hediondo para responder em liberdade. Ao segregar um homem, precisamos avaliar o tipo de crime e n\u00e3o se ele \u00e9 r\u00e9u prim\u00e1rio ou se tem bom comportamento. O goleiro Bruno \u00e9 acusado de um crime brutal, b\u00e1rbaro, covarde e a ju\u00edza viu motivos para mant\u00ea-lo preso. Ele foi denunciado e vai a j\u00fari popular, \u00e9 o que ele deve aguardar\u201d,<\/em> critica o promotor Francisco Santiago. Informa\u00e7\u00f5es do <em><strong>Correio Brasiliense.<\/strong><\/em><\/p>\n","protected":false},"excerpt":{"rendered":"<p>Ser\u00e1 que ele volta ao flamengo? \u00a0 O Tribunal de Justi\u00e7a de Minas Gerais (TJ-MG) julgar\u00e1 nesta quarta-feira (6) o pedido de habeas corpus para o goleiro Bruno Fernandes, que responde processo por ter supostamente seq\u00fcestrado e assassinado a ex-amante Eliza Samudio. A possibilidade do goleiro ser libertado antes do julgamento traz \u00e0 tona a [&hellip;]<\/p>\n","protected":false},"author":2,"featured_media":0,"comment_status":"open","ping_status":"open","sticky":false,"template":"","format":"standard","meta":{"footnotes":"","_links_to":"","_links_to_target":""},"categories":[1],"tags":[],"class_list":["post-4156","post","type-post","status-publish","format-standard","hentry","category-geral"],"views":1296,"_links":{"self":[{"href":"https:\/\/www.sudoestehoje.com.br\/novoportal\/wp-json\/wp\/v2\/posts\/4156","targetHints":{"allow":["GET"]}}],"collection":[{"href":"https:\/\/www.sudoestehoje.com.br\/novoportal\/wp-json\/wp\/v2\/posts"}],"about":[{"href":"https:\/\/www.sudoestehoje.com.br\/novoportal\/wp-json\/wp\/v2\/types\/post"}],"author":[{"embeddable":true,"href":"https:\/\/www.sudoestehoje.com.br\/novoportal\/wp-json\/wp\/v2\/users\/2"}],"replies":[{"embeddable":true,"href":"https:\/\/www.sudoestehoje.com.br\/novoportal\/wp-json\/wp\/v2\/comments?post=4156"}],"version-history":[{"count":6,"href":"https:\/\/www.sudoestehoje.com.br\/novoportal\/wp-json\/wp\/v2\/posts\/4156\/revisions"}],"predecessor-version":[{"id":4162,"href":"https:\/\/www.sudoestehoje.com.br\/novoportal\/wp-json\/wp\/v2\/posts\/4156\/revisions\/4162"}],"wp:attachment":[{"href":"https:\/\/www.sudoestehoje.com.br\/novoportal\/wp-json\/wp\/v2\/media?parent=4156"}],"wp:term":[{"taxonomy":"category","embeddable":true,"href":"https:\/\/www.sudoestehoje.com.br\/novoportal\/wp-json\/wp\/v2\/categories?post=4156"},{"taxonomy":"post_tag","embeddable":true,"href":"https:\/\/www.sudoestehoje.com.br\/novoportal\/wp-json\/wp\/v2\/tags?post=4156"}],"curies":[{"name":"wp","href":"https:\/\/api.w.org\/{rel}","templated":true}]}}