
{"id":41495,"date":"2014-09-06T21:46:17","date_gmt":"2014-09-07T00:46:17","guid":{"rendered":"http:\/\/www.sudoestehoje.com.br\/novoportal\/?p=41495"},"modified":"2014-09-06T21:46:17","modified_gmt":"2014-09-07T00:46:17","slug":"marina-faz-comicio-em-conquista-2","status":"publish","type":"post","link":"https:\/\/www.sudoestehoje.com.br\/novoportal\/2014\/09\/06\/marina-faz-comicio-em-conquista-2\/","title":{"rendered":"MARINA FAZ COM\u00cdCIO EM CONQUISTA"},"content":{"rendered":"<p><a href=\"http:\/\/www.sudoestehoje.com.br\/novoportal\/wp-content\/uploads\/2014\/09\/mari-2.jpg\"><img loading=\"lazy\" decoding=\"async\" class=\"aligncenter size-full wp-image-41496\" src=\"http:\/\/www.sudoestehoje.com.br\/novoportal\/wp-content\/uploads\/2014\/09\/mari-2.jpg\" alt=\"mari 2\" width=\"500\" height=\"300\" \/><\/a><\/p>\n<p><span style=\"color: #000000;\">A candidata \u00e0 presid\u00eancia da rep\u00fablica, Marina Silva (PSB), finalizou sua passagem pela Bahia com um com\u00edcio em Vit\u00f3ria da Conquista. O encontro, que foi marcado e remarcado por tr\u00eas vezes, aconteceu neste s\u00e1bado (6), na Pra\u00e7a Bar\u00e3o do Rio Branco, no centro da cidade.<\/span><\/p>\n<p style=\"color: #000000;\">Para cerca de sete mil pessoas, Marina contou sua hist\u00f3ria de vida e lembrou a alian\u00e7a com o ex-candidato a presidente Eduardo Campos, morto em agosto em um acidente a\u00e9reo. A candidata comentou o seu crescimento nas pesquisas de inten\u00e7\u00e3o de voto. Para ela, a ades\u00e3o das pessoas est\u00e1 crescendo a cada dia pela \u201cidentifica\u00e7\u00e3o direta com a sua hist\u00f3ria\u201d.<\/p>\n<p style=\"color: #000000;\"><a href=\"http:\/\/www.sudoestehoje.com.br\/novoportal\/wp-content\/uploads\/2014\/09\/mari-3.jpg\"><img loading=\"lazy\" decoding=\"async\" class=\"aligncenter size-medium wp-image-41498\" src=\"http:\/\/www.sudoestehoje.com.br\/novoportal\/wp-content\/uploads\/2014\/09\/mari-3.jpg\" alt=\"mari 3\" width=\"500\" height=\"300\" \/><\/a><\/p>\n<p style=\"color: #000000;\">A presidenci\u00e1vel chegou a afirmar que \u201cse Dilma ou A\u00e9cio forem eleitos, ser\u00e1 gra\u00e7as ao aparato financeiro e da a\u00e7\u00e3o de marqueteiros. J\u00e1, caso eu ganhe, ser\u00e1 por causa das pessoas que querem minha elei\u00e7\u00e3o. Ent\u00e3o, ap\u00f3s a elei\u00e7\u00e3o, voc\u00eas poder\u00e3o me cobrar porque voc\u00eas me elegeram. Mas eles v\u00e3o ser cobrados pelos financiadores e marqueteiros deles\u201d. Resenha Geral<\/p>\n","protected":false},"excerpt":{"rendered":"<p>A candidata \u00e0 presid\u00eancia da rep\u00fablica, Marina Silva (PSB), finalizou sua passagem pela Bahia com um com\u00edcio em Vit\u00f3ria da Conquista. O encontro, que foi marcado e remarcado por tr\u00eas vezes, aconteceu neste s\u00e1bado (6), na Pra\u00e7a Bar\u00e3o do Rio Branco, no centro da cidade. Para cerca de sete mil pessoas, Marina contou sua hist\u00f3ria [&hellip;]<\/p>\n","protected":false},"author":2,"featured_media":0,"comment_status":"open","ping_status":"open","sticky":false,"template":"","format":"standard","meta":{"footnotes":"","_links_to":"","_links_to_target":""},"categories":[1],"tags":[],"class_list":["post-41495","post","type-post","status-publish","format-standard","hentry","category-geral"],"views":1214,"_links":{"self":[{"href":"https:\/\/www.sudoestehoje.com.br\/novoportal\/wp-json\/wp\/v2\/posts\/41495","targetHints":{"allow":["GET"]}}],"collection":[{"href":"https:\/\/www.sudoestehoje.com.br\/novoportal\/wp-json\/wp\/v2\/posts"}],"about":[{"href":"https:\/\/www.sudoestehoje.com.br\/novoportal\/wp-json\/wp\/v2\/types\/post"}],"author":[{"embeddable":true,"href":"https:\/\/www.sudoestehoje.com.br\/novoportal\/wp-json\/wp\/v2\/users\/2"}],"replies":[{"embeddable":true,"href":"https:\/\/www.sudoestehoje.com.br\/novoportal\/wp-json\/wp\/v2\/comments?post=41495"}],"version-history":[{"count":1,"href":"https:\/\/www.sudoestehoje.com.br\/novoportal\/wp-json\/wp\/v2\/posts\/41495\/revisions"}],"predecessor-version":[{"id":41499,"href":"https:\/\/www.sudoestehoje.com.br\/novoportal\/wp-json\/wp\/v2\/posts\/41495\/revisions\/41499"}],"wp:attachment":[{"href":"https:\/\/www.sudoestehoje.com.br\/novoportal\/wp-json\/wp\/v2\/media?parent=41495"}],"wp:term":[{"taxonomy":"category","embeddable":true,"href":"https:\/\/www.sudoestehoje.com.br\/novoportal\/wp-json\/wp\/v2\/categories?post=41495"},{"taxonomy":"post_tag","embeddable":true,"href":"https:\/\/www.sudoestehoje.com.br\/novoportal\/wp-json\/wp\/v2\/tags?post=41495"}],"curies":[{"name":"wp","href":"https:\/\/api.w.org\/{rel}","templated":true}]}}