
{"id":4141,"date":"2011-04-05T11:14:02","date_gmt":"2011-04-05T14:14:02","guid":{"rendered":"http:\/\/www.sudoestehoje.com.br\/novoportal\/?p=4141"},"modified":"2011-04-05T11:16:47","modified_gmt":"2011-04-05T14:16:47","slug":"itapetinga-estudantes-da-uesb-continuam-mobilizados","status":"publish","type":"post","link":"https:\/\/www.sudoestehoje.com.br\/novoportal\/2011\/04\/05\/itapetinga-estudantes-da-uesb-continuam-mobilizados\/","title":{"rendered":"ITAPETINGA: ESTUDANTES DA UESB CONTINUAM MOBILIZADOS"},"content":{"rendered":"<p style=\"text-align: center;\"><a href=\"http:\/\/www.sudoestehoje.com.br\/novoportal\/wp-content\/uploads\/2011\/04\/100_5169.jpg\"><img loading=\"lazy\" decoding=\"async\" class=\"size-medium wp-image-4142  aligncenter\" title=\"100_5169\" src=\"http:\/\/www.sudoestehoje.com.br\/novoportal\/wp-content\/uploads\/2011\/04\/100_5169-500x375.jpg\" alt=\"\" width=\"500\" height=\"375\" srcset=\"https:\/\/www.sudoestehoje.com.br\/novoportal\/wp-content\/uploads\/2011\/04\/100_5169-500x375.jpg 500w, https:\/\/www.sudoestehoje.com.br\/novoportal\/wp-content\/uploads\/2011\/04\/100_5169-1024x768.jpg 1024w\" sizes=\"auto, (max-width: 500px) 100vw, 500px\" \/><\/a><\/p>\n<p style=\"text-align: center;\"><em><strong>Estudantes da Uesb n\u00e3o d\u00e3o tr\u00e9gua e exigem reformas j\u00e1 <\/strong><\/em><\/p>\n<p style=\"text-align: center;\"><em><strong>(foto: Sudoeste Hoje)<\/strong><\/em><\/p>\n<p>\u00a0<\/p>\n<p>ITAPETINGA: A mobiliza\u00e7\u00e3o dos estudantes em frente ao\u00a0campi de Uesb em Itapetinga continua, com manifesta\u00e7\u00f5es de protesto contra as condi\u00e7\u00f5es de ensino e o decreto do governador Jaques Wagner que reduziu em cerca de 30% os investimentos nas universidades estaduais da Bahia.<\/p>\n<p>Nesta segunda (04), uma nota p\u00fablica do Movimento Estudantil Unificado da Uesb foi divulgada, protestando contra o decreto governamental e fazendo in\u00fameras reivindica\u00e7\u00f5es que visam melhorar a qualidade do ensino na universidade. Vejam o teor da nota:<\/p>\n<p style=\"text-align: center;\"><strong>Nota P\u00fablica<\/strong><\/p>\n<p>No dia 09 de fevereiro deste ano, o Governo da Bahia editou o Decreto 12.583\/11 cortando verbas das universidades e ferindo nossos direitos. Deste modo, impediu a contrata\u00e7\u00e3o de novos professores e a mudan\u00e7a do regime de trabalho para Dedica\u00e7\u00e3o Exclusiva, diminuindo a quantidade de pesquisas na universidade. As contens\u00f5es chegaram a 30% piorando ainda mais as condi\u00e7\u00f5es j\u00e1 prec\u00e1rias das universidades baianas. Por isto lutamos:<\/p>\n<p>* PELA REVOGA\u00c7\u00c3O IMEDIATA DO DECRETO 12.583\/11;<\/p>\n<p>* Pela regulariza\u00e7\u00e3o do quadro de professores e contrata\u00e7\u00e3o de mais docentes;<\/p>\n<p>* Pela constru\u00e7\u00e3o do restaurante universit\u00e1rio e resid\u00eancia estudantil;<\/p>\n<p>* Pela continuidade de obras inacabadas da Universidade;<\/p>\n<p>* Pela cria\u00e7\u00e3o e manuten\u00e7\u00e3o de projetos de pesquisa e extens\u00e3o;<\/p>\n<p>* Pelo pagamento em dia das bolsas aux\u00edlio, monitoria, pesquisa e extens\u00e3o;<\/p>\n<p>* Pela transpar\u00eancia acerca da administra\u00e7\u00e3o do or\u00e7amento da Universidade;<\/p>\n<p>* Pela constru\u00e7\u00e3o de salas de aula e laborat\u00f3rios que atendam a demanda estudantil;<\/p>\n<p>* Por melhores condi\u00e7\u00f5es de acessibilidade e de infra-estrutura para os estudantes portadores de necessidades especiais;<\/p>\n<p>* Pelo aumento imediato do n\u00famero de livros da biblioteca;<\/p>\n<p>* Pela melhoria do servi\u00e7o de tranporte<\/p>\n<p style=\"text-align: center;\"><strong>MOVIMENTO ESTUDANTIL UNIFICADO DA UESB<\/strong><\/p>\n<p style=\"text-align: center;\">Itapetinga, 04 de abril de 2011.<\/p>\n","protected":false},"excerpt":{"rendered":"<p>Estudantes da Uesb n\u00e3o d\u00e3o tr\u00e9gua e exigem reformas j\u00e1 (foto: Sudoeste Hoje) \u00a0 ITAPETINGA: A mobiliza\u00e7\u00e3o dos estudantes em frente ao\u00a0campi de Uesb em Itapetinga continua, com manifesta\u00e7\u00f5es de protesto contra as condi\u00e7\u00f5es de ensino e o decreto do governador Jaques Wagner que reduziu em cerca de 30% os investimentos nas universidades estaduais da [&hellip;]<\/p>\n","protected":false},"author":2,"featured_media":0,"comment_status":"open","ping_status":"open","sticky":false,"template":"","format":"standard","meta":{"footnotes":"","_links_to":"","_links_to_target":""},"categories":[1],"tags":[],"class_list":["post-4141","post","type-post","status-publish","format-standard","hentry","category-geral"],"views":1872,"_links":{"self":[{"href":"https:\/\/www.sudoestehoje.com.br\/novoportal\/wp-json\/wp\/v2\/posts\/4141","targetHints":{"allow":["GET"]}}],"collection":[{"href":"https:\/\/www.sudoestehoje.com.br\/novoportal\/wp-json\/wp\/v2\/posts"}],"about":[{"href":"https:\/\/www.sudoestehoje.com.br\/novoportal\/wp-json\/wp\/v2\/types\/post"}],"author":[{"embeddable":true,"href":"https:\/\/www.sudoestehoje.com.br\/novoportal\/wp-json\/wp\/v2\/users\/2"}],"replies":[{"embeddable":true,"href":"https:\/\/www.sudoestehoje.com.br\/novoportal\/wp-json\/wp\/v2\/comments?post=4141"}],"version-history":[{"count":5,"href":"https:\/\/www.sudoestehoje.com.br\/novoportal\/wp-json\/wp\/v2\/posts\/4141\/revisions"}],"predecessor-version":[{"id":4146,"href":"https:\/\/www.sudoestehoje.com.br\/novoportal\/wp-json\/wp\/v2\/posts\/4141\/revisions\/4146"}],"wp:attachment":[{"href":"https:\/\/www.sudoestehoje.com.br\/novoportal\/wp-json\/wp\/v2\/media?parent=4141"}],"wp:term":[{"taxonomy":"category","embeddable":true,"href":"https:\/\/www.sudoestehoje.com.br\/novoportal\/wp-json\/wp\/v2\/categories?post=4141"},{"taxonomy":"post_tag","embeddable":true,"href":"https:\/\/www.sudoestehoje.com.br\/novoportal\/wp-json\/wp\/v2\/tags?post=4141"}],"curies":[{"name":"wp","href":"https:\/\/api.w.org\/{rel}","templated":true}]}}