
{"id":41344,"date":"2014-09-05T08:15:43","date_gmt":"2014-09-05T11:15:43","guid":{"rendered":"http:\/\/www.sudoestehoje.com.br\/novoportal\/?p=41344"},"modified":"2014-09-05T08:15:43","modified_gmt":"2014-09-05T11:15:43","slug":"paulo-souto-tem-quase-o-triplo-dos-votos-de-rui-na-pesquisa-sensus","status":"publish","type":"post","link":"https:\/\/www.sudoestehoje.com.br\/novoportal\/2014\/09\/05\/paulo-souto-tem-quase-o-triplo-dos-votos-de-rui-na-pesquisa-sensus\/","title":{"rendered":"PAULO SOUTO TEM QUASE O TRIPLO DOS VOTOS DE RUI NA PESQUISA SENSUS"},"content":{"rendered":"<p class=\"yiv1156006564MsoNormal\" style=\"color: #000000;\"><a href=\"http:\/\/www.sudoestehoje.com.br\/novoportal\/wp-content\/uploads\/2014\/09\/SOUTO-ITA.jpg\"><img loading=\"lazy\" decoding=\"async\" class=\"aligncenter size-full wp-image-41348\" src=\"http:\/\/www.sudoestehoje.com.br\/novoportal\/wp-content\/uploads\/2014\/09\/SOUTO-ITA.jpg\" alt=\"SOUTO ITA\" width=\"468\" height=\"312\" \/><\/a><\/p>\n<p id=\"yui_3_16_0_1_1409914442149_16040\" class=\"yiv1156006564MsoNormal\" style=\"color: #000000;\"><span id=\"yui_3_16_0_1_1409914442149_16039\">A pesquisa eleitoral do Instituto Sensus, divulgada pela TV Aratu, na noite desta quinta-feira (04), confirma a tend\u00eancia de vit\u00f3ria do candidato a governador, Paulo Souto, da coliga\u00e7\u00e3o \u201cUnidos pela Bahia\u201d, no primeiro turno. Com 43%, Souto aparece com quase o triplo das inten\u00e7\u00f5es de voto do advers\u00e1rio petista Rui Costa, que teve 16%. E mais de quatro vezes mais que os 9% de L\u00eddice da Mata. O somat\u00f3rio dos outros tr\u00eas oponentes atingiu 3% no levantamento. Brancos, nulos e indecisos: 28%.<\/span><\/p>\n<p id=\"yui_3_16_0_1_1409914442149_16037\" class=\"yiv1156006564MsoNormal\" style=\"color: #000000;\">Se a elei\u00e7\u00e3o fosse hoje, Paulo Souto teria 60% dos votos v\u00e1lidos contra 40% do total de todos os advers\u00e1rios. \u201cA pesquisa Sensus\/TV Aratu est\u00e1 de acordo com o que temos percebido nas ruas de toda a Bahia. \u00c9 indiscut\u00edvel a exist\u00eancia de um forte sentimento de mudan\u00e7a do povo baiano. E os n\u00fameros de todas as pesquisas realizadas at\u00e9 agora indicam que a grande maioria deposita confian\u00e7a em mim para liderar as transforma\u00e7\u00f5es necess\u00e1rias \u00e0 constru\u00e7\u00e3o de um futuro melhor para a nossa gente\u201d, comentou Souto.<\/p>\n","protected":false},"excerpt":{"rendered":"<p>A pesquisa eleitoral do Instituto Sensus, divulgada pela TV Aratu, na noite desta quinta-feira (04), confirma a tend\u00eancia de vit\u00f3ria do candidato a governador, Paulo Souto, da coliga\u00e7\u00e3o \u201cUnidos pela Bahia\u201d, no primeiro turno. Com 43%, Souto aparece com quase o triplo das inten\u00e7\u00f5es de voto do advers\u00e1rio petista Rui Costa, que teve 16%. E [&hellip;]<\/p>\n","protected":false},"author":2,"featured_media":0,"comment_status":"open","ping_status":"open","sticky":false,"template":"","format":"standard","meta":{"footnotes":"","_links_to":"","_links_to_target":""},"categories":[1],"tags":[],"class_list":["post-41344","post","type-post","status-publish","format-standard","hentry","category-geral"],"views":1263,"_links":{"self":[{"href":"https:\/\/www.sudoestehoje.com.br\/novoportal\/wp-json\/wp\/v2\/posts\/41344","targetHints":{"allow":["GET"]}}],"collection":[{"href":"https:\/\/www.sudoestehoje.com.br\/novoportal\/wp-json\/wp\/v2\/posts"}],"about":[{"href":"https:\/\/www.sudoestehoje.com.br\/novoportal\/wp-json\/wp\/v2\/types\/post"}],"author":[{"embeddable":true,"href":"https:\/\/www.sudoestehoje.com.br\/novoportal\/wp-json\/wp\/v2\/users\/2"}],"replies":[{"embeddable":true,"href":"https:\/\/www.sudoestehoje.com.br\/novoportal\/wp-json\/wp\/v2\/comments?post=41344"}],"version-history":[{"count":3,"href":"https:\/\/www.sudoestehoje.com.br\/novoportal\/wp-json\/wp\/v2\/posts\/41344\/revisions"}],"predecessor-version":[{"id":41350,"href":"https:\/\/www.sudoestehoje.com.br\/novoportal\/wp-json\/wp\/v2\/posts\/41344\/revisions\/41350"}],"wp:attachment":[{"href":"https:\/\/www.sudoestehoje.com.br\/novoportal\/wp-json\/wp\/v2\/media?parent=41344"}],"wp:term":[{"taxonomy":"category","embeddable":true,"href":"https:\/\/www.sudoestehoje.com.br\/novoportal\/wp-json\/wp\/v2\/categories?post=41344"},{"taxonomy":"post_tag","embeddable":true,"href":"https:\/\/www.sudoestehoje.com.br\/novoportal\/wp-json\/wp\/v2\/tags?post=41344"}],"curies":[{"name":"wp","href":"https:\/\/api.w.org\/{rel}","templated":true}]}}