
{"id":41339,"date":"2014-09-05T02:01:07","date_gmt":"2014-09-05T05:01:07","guid":{"rendered":"http:\/\/www.sudoestehoje.com.br\/novoportal\/?p=41339"},"modified":"2014-09-05T02:01:07","modified_gmt":"2014-09-05T05:01:07","slug":"carro-da-comutran-e-flagrado-transportando-propaganda-do-pt","status":"publish","type":"post","link":"https:\/\/www.sudoestehoje.com.br\/novoportal\/2014\/09\/05\/carro-da-comutran-e-flagrado-transportando-propaganda-do-pt\/","title":{"rendered":"CARRO DA COMUTRAN \u00c9 FLAGRADO TRANSPORTANDO PROPAGANDA DO PT"},"content":{"rendered":"<p><a href=\"http:\/\/www.sudoestehoje.com.br\/novoportal\/wp-content\/uploads\/2014\/09\/comut.jpg\"><img loading=\"lazy\" decoding=\"async\" class=\"aligncenter size-full wp-image-41340\" src=\"http:\/\/www.sudoestehoje.com.br\/novoportal\/wp-content\/uploads\/2014\/09\/comut.jpg\" alt=\"comut\" width=\"500\" height=\"375\" \/><\/a><\/p>\n<p>Um ve\u00edculo da autarquia municipal de tr\u00e2nsito de Itapetinga, a Comutran, foi flagrado nesta quinta-feira tranportando propaganda eleitoral dos petistas Rui Costa, candidato ao governo, Waldenor Pereira, candidato a deputado federal e Dilma Rousseff, candidata a presidente da rep\u00fablica.<\/p>\n<p>O flagrante foi feito pela reportagem do blog Tribuna de Itapetinga, que imediatamente entrou em contato com o cart\u00f3rio eleitoral para saber se a justi\u00e7a havia determinado a apreens\u00e3o do material publicit\u00e1rio, mas a resposta foi negativa.<\/p>\n<p><a href=\"http:\/\/www.sudoestehoje.com.br\/novoportal\/wp-content\/uploads\/2014\/09\/comut-1.jpg\"><img loading=\"lazy\" decoding=\"async\" class=\"aligncenter size-full wp-image-41341\" src=\"http:\/\/www.sudoestehoje.com.br\/novoportal\/wp-content\/uploads\/2014\/09\/comut-1.jpg\" alt=\"comut 1\" width=\"500\" height=\"375\" \/><\/a><\/p>\n<p>Assim, a presun\u00e7\u00e3o \u00e9 de que a autarquia municipal est\u00e1 realizando apreens\u00e3o ilegal de propaganda eleitoral, ou simplesmente dando uma &#8216;forcinha&#8217; para os candidatos do partido governista.<\/p>\n<p>Em qualquer das duas hip\u00f3teses, fica configurado o il\u00edcito eleitoral, suscept\u00edvel de apura\u00e7\u00e3o por parte do TRE.<\/p>\n<p><strong><em>Por Davi Ferraz\u00a0<\/em><\/strong><\/p>\n","protected":false},"excerpt":{"rendered":"<p>Um ve\u00edculo da autarquia municipal de tr\u00e2nsito de Itapetinga, a Comutran, foi flagrado nesta quinta-feira tranportando propaganda eleitoral dos petistas Rui Costa, candidato ao governo, Waldenor Pereira, candidato a deputado federal e Dilma Rousseff, candidata a presidente da rep\u00fablica. O flagrante foi feito pela reportagem do blog Tribuna de Itapetinga, que imediatamente entrou em contato [&hellip;]<\/p>\n","protected":false},"author":2,"featured_media":0,"comment_status":"open","ping_status":"open","sticky":false,"template":"","format":"standard","meta":{"footnotes":"","_links_to":"","_links_to_target":""},"categories":[1],"tags":[],"class_list":["post-41339","post","type-post","status-publish","format-standard","hentry","category-geral"],"views":1408,"_links":{"self":[{"href":"https:\/\/www.sudoestehoje.com.br\/novoportal\/wp-json\/wp\/v2\/posts\/41339","targetHints":{"allow":["GET"]}}],"collection":[{"href":"https:\/\/www.sudoestehoje.com.br\/novoportal\/wp-json\/wp\/v2\/posts"}],"about":[{"href":"https:\/\/www.sudoestehoje.com.br\/novoportal\/wp-json\/wp\/v2\/types\/post"}],"author":[{"embeddable":true,"href":"https:\/\/www.sudoestehoje.com.br\/novoportal\/wp-json\/wp\/v2\/users\/2"}],"replies":[{"embeddable":true,"href":"https:\/\/www.sudoestehoje.com.br\/novoportal\/wp-json\/wp\/v2\/comments?post=41339"}],"version-history":[{"count":1,"href":"https:\/\/www.sudoestehoje.com.br\/novoportal\/wp-json\/wp\/v2\/posts\/41339\/revisions"}],"predecessor-version":[{"id":41342,"href":"https:\/\/www.sudoestehoje.com.br\/novoportal\/wp-json\/wp\/v2\/posts\/41339\/revisions\/41342"}],"wp:attachment":[{"href":"https:\/\/www.sudoestehoje.com.br\/novoportal\/wp-json\/wp\/v2\/media?parent=41339"}],"wp:term":[{"taxonomy":"category","embeddable":true,"href":"https:\/\/www.sudoestehoje.com.br\/novoportal\/wp-json\/wp\/v2\/categories?post=41339"},{"taxonomy":"post_tag","embeddable":true,"href":"https:\/\/www.sudoestehoje.com.br\/novoportal\/wp-json\/wp\/v2\/tags?post=41339"}],"curies":[{"name":"wp","href":"https:\/\/api.w.org\/{rel}","templated":true}]}}