
{"id":41336,"date":"2014-09-05T01:39:49","date_gmt":"2014-09-05T04:39:49","guid":{"rendered":"http:\/\/www.sudoestehoje.com.br\/novoportal\/?p=41336"},"modified":"2014-09-05T01:39:49","modified_gmt":"2014-09-05T04:39:49","slug":"itirucu-vereador-robson-fortalece-apoio-a-sandro-regis","status":"publish","type":"post","link":"https:\/\/www.sudoestehoje.com.br\/novoportal\/2014\/09\/05\/itirucu-vereador-robson-fortalece-apoio-a-sandro-regis\/","title":{"rendered":"ITIRU\u00c7U: VEREADOR ROBSON FORTALECE APOIO A SANDRO R\u00c9GIS"},"content":{"rendered":"<p><a href=\"http:\/\/www.sudoestehoje.com.br\/novoportal\/wp-content\/uploads\/2014\/09\/WagnerSandroBauro.jpg\"><img loading=\"lazy\" decoding=\"async\" class=\"aligncenter size-full wp-image-41337\" src=\"http:\/\/www.sudoestehoje.com.br\/novoportal\/wp-content\/uploads\/2014\/09\/WagnerSandroBauro.jpg\" alt=\"WagnerSandroBauro\" width=\"500\" height=\"331\" \/><\/a><\/p>\n<p>O deputado estadual e candidato \u00e0 reelei\u00e7\u00e3o pelo DEM, Sandro R\u00e9gis, tem em Itiru\u00e7u, um fiel aliado. Vereador no terceiro mandato, Robson Mauro (DEM), em conversa com o \u201dBlog Marcos Frahm\u201d, comentou sobre \u00e0 sucess\u00e3o estadual e demonstrou-se confiante na vit\u00f3ria do candidato a governador Paulo Souto (DEM), fazendo afirma\u00e7\u00e3o de que Souto venceria Rui Costa (PT) no primeiro turno, caso as elei\u00e7\u00f5es fossem hoje.<\/p>\n<p>Mas o edil est\u00e1 mesmo empolgado \u00e9 com a campanha do correligion\u00e1rio Sandro R\u00e9gis. Vota com R\u00e9gis pela terceira vez e revelou que nessa reta final do processo eleitoral vai entrar de corpo e alma na campanha de Sandro, para quem abocanhou recentemente o apoio do ex-presidente da C\u00e2mara de Itiru\u00e7u, Vilberto Leal, mais um que deve arrega\u00e7ar as mangas e pedir votos para o deputado.<\/p>\n<p>Liderado do prefeito Wagner Novaes (PSDB), o vereador disse que tentou conquistar para o grupo de Sandro at\u00e9 o tucano, mas Wagner j\u00e1 teria amarrado apoio ao presidente da Assembleia, Marcelo Nilo (PDT). Filho do saudoso ex-prefeito e l\u00edder pol\u00edtico Pedro Pimentel, Robson Mauro tem fortes liga\u00e7\u00f5es com o grupo carlista e poder\u00e1 ter tr\u00e2nsito livre no governo estadual se Paulo Souto vencer o p\u00e1reo<\/p>\n","protected":false},"excerpt":{"rendered":"<p>O deputado estadual e candidato \u00e0 reelei\u00e7\u00e3o pelo DEM, Sandro R\u00e9gis, tem em Itiru\u00e7u, um fiel aliado. Vereador no terceiro mandato, Robson Mauro (DEM), em conversa com o \u201dBlog Marcos Frahm\u201d, comentou sobre \u00e0 sucess\u00e3o estadual e demonstrou-se confiante na vit\u00f3ria do candidato a governador Paulo Souto (DEM), fazendo afirma\u00e7\u00e3o de que Souto venceria Rui [&hellip;]<\/p>\n","protected":false},"author":2,"featured_media":0,"comment_status":"open","ping_status":"open","sticky":false,"template":"","format":"standard","meta":{"footnotes":"","_links_to":"","_links_to_target":""},"categories":[1],"tags":[],"class_list":["post-41336","post","type-post","status-publish","format-standard","hentry","category-geral"],"views":1065,"_links":{"self":[{"href":"https:\/\/www.sudoestehoje.com.br\/novoportal\/wp-json\/wp\/v2\/posts\/41336","targetHints":{"allow":["GET"]}}],"collection":[{"href":"https:\/\/www.sudoestehoje.com.br\/novoportal\/wp-json\/wp\/v2\/posts"}],"about":[{"href":"https:\/\/www.sudoestehoje.com.br\/novoportal\/wp-json\/wp\/v2\/types\/post"}],"author":[{"embeddable":true,"href":"https:\/\/www.sudoestehoje.com.br\/novoportal\/wp-json\/wp\/v2\/users\/2"}],"replies":[{"embeddable":true,"href":"https:\/\/www.sudoestehoje.com.br\/novoportal\/wp-json\/wp\/v2\/comments?post=41336"}],"version-history":[{"count":1,"href":"https:\/\/www.sudoestehoje.com.br\/novoportal\/wp-json\/wp\/v2\/posts\/41336\/revisions"}],"predecessor-version":[{"id":41338,"href":"https:\/\/www.sudoestehoje.com.br\/novoportal\/wp-json\/wp\/v2\/posts\/41336\/revisions\/41338"}],"wp:attachment":[{"href":"https:\/\/www.sudoestehoje.com.br\/novoportal\/wp-json\/wp\/v2\/media?parent=41336"}],"wp:term":[{"taxonomy":"category","embeddable":true,"href":"https:\/\/www.sudoestehoje.com.br\/novoportal\/wp-json\/wp\/v2\/categories?post=41336"},{"taxonomy":"post_tag","embeddable":true,"href":"https:\/\/www.sudoestehoje.com.br\/novoportal\/wp-json\/wp\/v2\/tags?post=41336"}],"curies":[{"name":"wp","href":"https:\/\/api.w.org\/{rel}","templated":true}]}}