
{"id":41332,"date":"2014-09-05T00:51:58","date_gmt":"2014-09-05T03:51:58","guid":{"rendered":"http:\/\/www.sudoestehoje.com.br\/novoportal\/?p=41332"},"modified":"2014-09-05T00:51:58","modified_gmt":"2014-09-05T03:51:58","slug":"lucio-passa-mal-durante-voo","status":"publish","type":"post","link":"https:\/\/www.sudoestehoje.com.br\/novoportal\/2014\/09\/05\/lucio-passa-mal-durante-voo\/","title":{"rendered":"L\u00daCIO PASSA MAL DURANTE VOO"},"content":{"rendered":"<p><a href=\"http:\/\/www.sudoestehoje.com.br\/novoportal\/wp-content\/uploads\/2014\/09\/LUCIO-MAL.jpg\"><img loading=\"lazy\" decoding=\"async\" class=\"aligncenter  wp-image-41333\" src=\"http:\/\/www.sudoestehoje.com.br\/novoportal\/wp-content\/uploads\/2014\/09\/LUCIO-MAL.jpg\" alt=\"LUCIO MAL\" width=\"438\" height=\"323\" \/><\/a><\/p>\n<p>O deputado federal L\u00facio Vieira Lima (PMDB), candidato \u00e0 reelei\u00e7\u00e3o no pleito deste ano, passou mal no avi\u00e3o no qual viajava no in\u00edcio da tarde desta quinta-feira (5). Em sua p\u00e1gina do Facebook, o parlamentar relatou que o calor sentido na decolagem em Tabocas do Brejo Velho, no oeste baiano, foi o respons\u00e1vel pelo mal-estar.<\/p>\n<p>\u201cPassei maus momentos agora no avi\u00e3o, nada de acidente, mas logo ap\u00f3s decolar no calor da regi\u00e3o de Tabocas do Brejo velho, n\u00e3o aguentei os quase 40 graus, fiquei nervoso e mandei voltar e pousar o avi\u00e3o, tomei um banho na fazenda do rapaz, molhei minha manta, botei gelo no saco, tomei um rivotril e encarei o calor\u00e3o, no final tudo certo gra\u00e7as a Deus, j\u00e1 pousei em Barreiras\u201d, contou o peemedebista, que na imagem, aparece de toalha e com uma compressa sobre o peito.<\/p>\n<p>Em entrevista ao Bahia Not\u00edcias, L\u00facio afirmou que j\u00e1 tem receio em viajar de avi\u00e3o, o que o fez entrar em p\u00e2nico. &#8220;Foi para, para, para, desce, desce, desce, &#8216;calma deputado'&#8221;, afirmou rindo, j\u00e1 passado o susto. O deputado, que j\u00e1 est\u00e1 em Barreiras para atividades de campanha, disse que precisou viajar vestido apenas com uma cueca, &#8220;todo enroladinho na toalha molhada e com gelo no pesco\u00e7o&#8221;, para poder dar conta da viagem.<\/p>\n","protected":false},"excerpt":{"rendered":"<p>O deputado federal L\u00facio Vieira Lima (PMDB), candidato \u00e0 reelei\u00e7\u00e3o no pleito deste ano, passou mal no avi\u00e3o no qual viajava no in\u00edcio da tarde desta quinta-feira (5). Em sua p\u00e1gina do Facebook, o parlamentar relatou que o calor sentido na decolagem em Tabocas do Brejo Velho, no oeste baiano, foi o respons\u00e1vel pelo mal-estar. [&hellip;]<\/p>\n","protected":false},"author":2,"featured_media":0,"comment_status":"open","ping_status":"open","sticky":false,"template":"","format":"standard","meta":{"footnotes":"","_links_to":"","_links_to_target":""},"categories":[1],"tags":[],"class_list":["post-41332","post","type-post","status-publish","format-standard","hentry","category-geral"],"views":1216,"_links":{"self":[{"href":"https:\/\/www.sudoestehoje.com.br\/novoportal\/wp-json\/wp\/v2\/posts\/41332","targetHints":{"allow":["GET"]}}],"collection":[{"href":"https:\/\/www.sudoestehoje.com.br\/novoportal\/wp-json\/wp\/v2\/posts"}],"about":[{"href":"https:\/\/www.sudoestehoje.com.br\/novoportal\/wp-json\/wp\/v2\/types\/post"}],"author":[{"embeddable":true,"href":"https:\/\/www.sudoestehoje.com.br\/novoportal\/wp-json\/wp\/v2\/users\/2"}],"replies":[{"embeddable":true,"href":"https:\/\/www.sudoestehoje.com.br\/novoportal\/wp-json\/wp\/v2\/comments?post=41332"}],"version-history":[{"count":1,"href":"https:\/\/www.sudoestehoje.com.br\/novoportal\/wp-json\/wp\/v2\/posts\/41332\/revisions"}],"predecessor-version":[{"id":41334,"href":"https:\/\/www.sudoestehoje.com.br\/novoportal\/wp-json\/wp\/v2\/posts\/41332\/revisions\/41334"}],"wp:attachment":[{"href":"https:\/\/www.sudoestehoje.com.br\/novoportal\/wp-json\/wp\/v2\/media?parent=41332"}],"wp:term":[{"taxonomy":"category","embeddable":true,"href":"https:\/\/www.sudoestehoje.com.br\/novoportal\/wp-json\/wp\/v2\/categories?post=41332"},{"taxonomy":"post_tag","embeddable":true,"href":"https:\/\/www.sudoestehoje.com.br\/novoportal\/wp-json\/wp\/v2\/tags?post=41332"}],"curies":[{"name":"wp","href":"https:\/\/api.w.org\/{rel}","templated":true}]}}