
{"id":41329,"date":"2014-09-05T00:44:49","date_gmt":"2014-09-05T03:44:49","guid":{"rendered":"http:\/\/www.sudoestehoje.com.br\/novoportal\/?p=41329"},"modified":"2014-09-05T00:44:49","modified_gmt":"2014-09-05T03:44:49","slug":"pesquisa-sensus-aponta-vitoria-folgada-de-geddel-para-o-senado","status":"publish","type":"post","link":"https:\/\/www.sudoestehoje.com.br\/novoportal\/2014\/09\/05\/pesquisa-sensus-aponta-vitoria-folgada-de-geddel-para-o-senado\/","title":{"rendered":"PESQUISA SENSUS APONTA VIT\u00d3RIA FOLGADA DE GEDDEL PARA O SENADO"},"content":{"rendered":"<p><a href=\"http:\/\/www.sudoestehoje.com.br\/novoportal\/wp-content\/uploads\/2014\/09\/GEDDEL-OTO.jpg\"><img loading=\"lazy\" decoding=\"async\" class=\"aligncenter size-full wp-image-41330\" src=\"http:\/\/www.sudoestehoje.com.br\/novoportal\/wp-content\/uploads\/2014\/09\/GEDDEL-OTO.jpg\" alt=\"GEDDEL OTO\" width=\"500\" height=\"306\" \/><\/a><\/p>\n<p>O peemedebista Geddel Vieira Lima seria eleito para o Senado com 32% das inten\u00e7\u00f5es de voto, de acordo com a pesquisa Sensus\/ Vota Bahia (TV Aratu, r\u00e1dio Metr\u00f3pole e jornal A Tarde).<\/p>\n<p>O levantamento contratado pela TV Aratu aponta que o vice-governador Otto Alencar (PSD) teria 18% dos votos e ex-ministra do Superior Tribunal de Justi\u00e7a (STJ), Eliana Calmon (PSB), ficaria com 4% das inten\u00e7\u00f5es de voto.<\/p>\n<p>O candidato do PSOL, Hamilton Assis, vem logo em seguida, com 3% e Addson Gomes (PEN), com 2%. Brancos, nulos e indecisos, equivalem ao maior percentual, 41%.<\/p>\n<p>A pesquisa, esperada para ser anunciada desde a \u00faltima segunda-feira (1\u00ba) ouviu 1.000 eleitores entre os dias 27 de agosto e 1\u00ba de setembro.<\/p>\n<p>A margem de confian\u00e7a foi de 95%, para uma margem de erro \u00e9 de 3,1% para mais ou para menos. O registro no Tribunal Superior Eleitoral \u00e9 de n\u00ba BA-00014\/2014.<\/p>\n","protected":false},"excerpt":{"rendered":"<p>O peemedebista Geddel Vieira Lima seria eleito para o Senado com 32% das inten\u00e7\u00f5es de voto, de acordo com a pesquisa Sensus\/ Vota Bahia (TV Aratu, r\u00e1dio Metr\u00f3pole e jornal A Tarde). O levantamento contratado pela TV Aratu aponta que o vice-governador Otto Alencar (PSD) teria 18% dos votos e ex-ministra do Superior Tribunal de [&hellip;]<\/p>\n","protected":false},"author":2,"featured_media":0,"comment_status":"open","ping_status":"open","sticky":false,"template":"","format":"standard","meta":{"footnotes":"","_links_to":"","_links_to_target":""},"categories":[1],"tags":[],"class_list":["post-41329","post","type-post","status-publish","format-standard","hentry","category-geral"],"views":1119,"_links":{"self":[{"href":"https:\/\/www.sudoestehoje.com.br\/novoportal\/wp-json\/wp\/v2\/posts\/41329","targetHints":{"allow":["GET"]}}],"collection":[{"href":"https:\/\/www.sudoestehoje.com.br\/novoportal\/wp-json\/wp\/v2\/posts"}],"about":[{"href":"https:\/\/www.sudoestehoje.com.br\/novoportal\/wp-json\/wp\/v2\/types\/post"}],"author":[{"embeddable":true,"href":"https:\/\/www.sudoestehoje.com.br\/novoportal\/wp-json\/wp\/v2\/users\/2"}],"replies":[{"embeddable":true,"href":"https:\/\/www.sudoestehoje.com.br\/novoportal\/wp-json\/wp\/v2\/comments?post=41329"}],"version-history":[{"count":1,"href":"https:\/\/www.sudoestehoje.com.br\/novoportal\/wp-json\/wp\/v2\/posts\/41329\/revisions"}],"predecessor-version":[{"id":41331,"href":"https:\/\/www.sudoestehoje.com.br\/novoportal\/wp-json\/wp\/v2\/posts\/41329\/revisions\/41331"}],"wp:attachment":[{"href":"https:\/\/www.sudoestehoje.com.br\/novoportal\/wp-json\/wp\/v2\/media?parent=41329"}],"wp:term":[{"taxonomy":"category","embeddable":true,"href":"https:\/\/www.sudoestehoje.com.br\/novoportal\/wp-json\/wp\/v2\/categories?post=41329"},{"taxonomy":"post_tag","embeddable":true,"href":"https:\/\/www.sudoestehoje.com.br\/novoportal\/wp-json\/wp\/v2\/tags?post=41329"}],"curies":[{"name":"wp","href":"https:\/\/api.w.org\/{rel}","templated":true}]}}