
{"id":41326,"date":"2014-09-05T00:29:37","date_gmt":"2014-09-05T03:29:37","guid":{"rendered":"http:\/\/www.sudoestehoje.com.br\/novoportal\/?p=41326"},"modified":"2014-09-05T00:29:37","modified_gmt":"2014-09-05T03:29:37","slug":"pesquisa-sensustv-aratu-aponta-vitoria-de-paulo-souto-no-1o-turno","status":"publish","type":"post","link":"https:\/\/www.sudoestehoje.com.br\/novoportal\/2014\/09\/05\/pesquisa-sensustv-aratu-aponta-vitoria-de-paulo-souto-no-1o-turno\/","title":{"rendered":"PESQUISA SENSUS\/TV ARATU APONTA VIT\u00d3RIA DE PAULO SOUTO NO 1\u00ba TURNO"},"content":{"rendered":"<p><a href=\"http:\/\/www.sudoestehoje.com.br\/novoportal\/wp-content\/uploads\/2014\/09\/Governo-012.jpg\"><img loading=\"lazy\" decoding=\"async\" class=\"aligncenter size-medium wp-image-41327\" src=\"http:\/\/www.sudoestehoje.com.br\/novoportal\/wp-content\/uploads\/2014\/09\/Governo-012-500x333.jpg\" alt=\"Governo-012\" width=\"500\" height=\"333\" srcset=\"https:\/\/www.sudoestehoje.com.br\/novoportal\/wp-content\/uploads\/2014\/09\/Governo-012-500x333.jpg 500w, https:\/\/www.sudoestehoje.com.br\/novoportal\/wp-content\/uploads\/2014\/09\/Governo-012-700x466.jpg 700w, https:\/\/www.sudoestehoje.com.br\/novoportal\/wp-content\/uploads\/2014\/09\/Governo-012.jpg 800w\" sizes=\"auto, (max-width: 500px) 100vw, 500px\" \/><\/a><\/p>\n<p>O Instituto Sensus divulgou nesta quinta-feira (4), os resultados da pesquisa sobre as inten\u00e7\u00f5es de voto para as elei\u00e7\u00f5es 2014, encomendada pela TV Aratu. Na pesquisa estimulada para o governo do Estado, quando os nomes dos candidatos s\u00e3o informados aos entrevistados, Paulo Souto aparece eleito ainda no primeiro turno, por possuir mais de 50% dos votos v\u00e1lidos.<\/p>\n<p>O candidato do DEM tem 43% das inten\u00e7\u00f5es de voto, enquanto o segundo colocado, Rui Costa, do PT, aparece com 16%. Em terceiro lugar est\u00e1 L\u00eddice da Mata, do PSB, com 10%. Da Luz (PRTB), Marcos Mendes (PSOL) e Renata Mallet (PSTU) somam 3% das inten\u00e7\u00f5es de voto. Votos em branco, nulos e indecisos somam 28% do eleitorado.\u00a0A pesquisa ouviu mil pessoas no per\u00edodo de 27 de agosto a 1\u00ba de setembro.<\/p>\n<p>A margem de erro \u00e9 de 3,1% para mais ou para menos e a margem de confian\u00e7a \u00e9 de 95%. Os dados foram registrados no Tribunal Regional Eleitoral, n\u00famero BA-00014\/2014.<\/p>\n","protected":false},"excerpt":{"rendered":"<p>O Instituto Sensus divulgou nesta quinta-feira (4), os resultados da pesquisa sobre as inten\u00e7\u00f5es de voto para as elei\u00e7\u00f5es 2014, encomendada pela TV Aratu. Na pesquisa estimulada para o governo do Estado, quando os nomes dos candidatos s\u00e3o informados aos entrevistados, Paulo Souto aparece eleito ainda no primeiro turno, por possuir mais de 50% dos [&hellip;]<\/p>\n","protected":false},"author":2,"featured_media":0,"comment_status":"open","ping_status":"open","sticky":false,"template":"","format":"standard","meta":{"footnotes":"","_links_to":"","_links_to_target":""},"categories":[1],"tags":[],"class_list":["post-41326","post","type-post","status-publish","format-standard","hentry","category-geral"],"views":1589,"_links":{"self":[{"href":"https:\/\/www.sudoestehoje.com.br\/novoportal\/wp-json\/wp\/v2\/posts\/41326","targetHints":{"allow":["GET"]}}],"collection":[{"href":"https:\/\/www.sudoestehoje.com.br\/novoportal\/wp-json\/wp\/v2\/posts"}],"about":[{"href":"https:\/\/www.sudoestehoje.com.br\/novoportal\/wp-json\/wp\/v2\/types\/post"}],"author":[{"embeddable":true,"href":"https:\/\/www.sudoestehoje.com.br\/novoportal\/wp-json\/wp\/v2\/users\/2"}],"replies":[{"embeddable":true,"href":"https:\/\/www.sudoestehoje.com.br\/novoportal\/wp-json\/wp\/v2\/comments?post=41326"}],"version-history":[{"count":1,"href":"https:\/\/www.sudoestehoje.com.br\/novoportal\/wp-json\/wp\/v2\/posts\/41326\/revisions"}],"predecessor-version":[{"id":41328,"href":"https:\/\/www.sudoestehoje.com.br\/novoportal\/wp-json\/wp\/v2\/posts\/41326\/revisions\/41328"}],"wp:attachment":[{"href":"https:\/\/www.sudoestehoje.com.br\/novoportal\/wp-json\/wp\/v2\/media?parent=41326"}],"wp:term":[{"taxonomy":"category","embeddable":true,"href":"https:\/\/www.sudoestehoje.com.br\/novoportal\/wp-json\/wp\/v2\/categories?post=41326"},{"taxonomy":"post_tag","embeddable":true,"href":"https:\/\/www.sudoestehoje.com.br\/novoportal\/wp-json\/wp\/v2\/tags?post=41326"}],"curies":[{"name":"wp","href":"https:\/\/api.w.org\/{rel}","templated":true}]}}