
{"id":41323,"date":"2014-09-05T00:22:46","date_gmt":"2014-09-05T03:22:46","guid":{"rendered":"http:\/\/www.sudoestehoje.com.br\/novoportal\/?p=41323"},"modified":"2014-09-05T00:55:31","modified_gmt":"2014-09-05T03:55:31","slug":"segundo-tse-herzem-gusmao-esta-apto-a-concorrer-na-eleicao","status":"publish","type":"post","link":"https:\/\/www.sudoestehoje.com.br\/novoportal\/2014\/09\/05\/segundo-tse-herzem-gusmao-esta-apto-a-concorrer-na-eleicao\/","title":{"rendered":"TSE CONSIDERA HERZEM GUSM\u00c3O APTO A DISPUTAR ELEI\u00c7\u00c3O"},"content":{"rendered":"<p style=\"color: #000000;\"><a href=\"http:\/\/www.sudoestehoje.com.br\/novoportal\/wp-content\/uploads\/2014\/09\/APTO.jpg\"><img loading=\"lazy\" decoding=\"async\" class=\"aligncenter size-medium wp-image-41324\" src=\"http:\/\/www.sudoestehoje.com.br\/novoportal\/wp-content\/uploads\/2014\/09\/APTO-500x331.jpg\" alt=\"APTO\" width=\"500\" height=\"331\" srcset=\"https:\/\/www.sudoestehoje.com.br\/novoportal\/wp-content\/uploads\/2014\/09\/APTO-500x331.jpg 500w, https:\/\/www.sudoestehoje.com.br\/novoportal\/wp-content\/uploads\/2014\/09\/APTO-700x463.jpg 700w, https:\/\/www.sudoestehoje.com.br\/novoportal\/wp-content\/uploads\/2014\/09\/APTO.jpg 1006w\" sizes=\"auto, (max-width: 500px) 100vw, 500px\" \/><\/a><\/p>\n<p style=\"color: #000000;\">O\u00a0<a style=\"font-weight: bold; color: #603811;\" href=\"http:\/\/www.tse.jus.br\/eleicoes\/eleicoes-2014\/sistema-de-divulgacao-de-candidaturas\">site do Tribunal Regional Eleitoral da Bahia<\/a>\u00a0(TRE-BA) apresenta na sess\u00e3o \u201cSitua\u00e7\u00e3o de Divulga\u00e7\u00e3o de Candidatura\u201d que Herzem Gusm\u00e3o (PMDB), candidato a deputado estadual, est\u00e1 apto\u00a0<strong>(clique na imagem para ampliar)<\/strong>\u00a0a concorrer nas pr\u00f3ximas elei\u00e7\u00f5es. Ou seja, o candidato pode ser votado normalmente no dia 5 de outubro, segundo a Justi\u00e7a Eleitoral.<\/p>\n<p style=\"color: #000000;\">De acordo com o candidato, \u201cA persegui\u00e7\u00e3o continua e os advers\u00e1rios temem a inevit\u00e1vel mudan\u00e7a que est\u00e1 chegando. Agora \u00e9 que eu preciso do apoio da Bahia e em especial de minha terra e toda regi\u00e3o sudoeste\u201d, disse.<\/p>\n<p style=\"color: #000000;\">Mesmo com as afirma\u00e7\u00f5es contr\u00e1rias Herzem diz que est\u00e1 fazendo suas caminhadas por diversos pontos da regi\u00e3o Sudoes te e dedicou aten\u00e7\u00e3o inicialmente \u00e0 zona rural dos mais de 15 munic\u00edpios em que est\u00e1 recebendo apoio. \u201cA \u00a0partir deste m\u00eas de setembro, daremos mais \u00eanfase \u00e0 zona urbana de Vit\u00f3ria da Conquista, sempre buscando ouvir as demandas da nossa gente\u201d, finalizou. Resenha Geral<\/p>\n","protected":false},"excerpt":{"rendered":"<p>O\u00a0site do Tribunal Regional Eleitoral da Bahia\u00a0(TRE-BA) apresenta na sess\u00e3o \u201cSitua\u00e7\u00e3o de Divulga\u00e7\u00e3o de Candidatura\u201d que Herzem Gusm\u00e3o (PMDB), candidato a deputado estadual, est\u00e1 apto\u00a0(clique na imagem para ampliar)\u00a0a concorrer nas pr\u00f3ximas elei\u00e7\u00f5es. Ou seja, o candidato pode ser votado normalmente no dia 5 de outubro, segundo a Justi\u00e7a Eleitoral. De acordo com o candidato, [&hellip;]<\/p>\n","protected":false},"author":2,"featured_media":0,"comment_status":"open","ping_status":"open","sticky":false,"template":"","format":"standard","meta":{"footnotes":"","_links_to":"","_links_to_target":""},"categories":[1],"tags":[],"class_list":["post-41323","post","type-post","status-publish","format-standard","hentry","category-geral"],"views":1268,"_links":{"self":[{"href":"https:\/\/www.sudoestehoje.com.br\/novoportal\/wp-json\/wp\/v2\/posts\/41323","targetHints":{"allow":["GET"]}}],"collection":[{"href":"https:\/\/www.sudoestehoje.com.br\/novoportal\/wp-json\/wp\/v2\/posts"}],"about":[{"href":"https:\/\/www.sudoestehoje.com.br\/novoportal\/wp-json\/wp\/v2\/types\/post"}],"author":[{"embeddable":true,"href":"https:\/\/www.sudoestehoje.com.br\/novoportal\/wp-json\/wp\/v2\/users\/2"}],"replies":[{"embeddable":true,"href":"https:\/\/www.sudoestehoje.com.br\/novoportal\/wp-json\/wp\/v2\/comments?post=41323"}],"version-history":[{"count":2,"href":"https:\/\/www.sudoestehoje.com.br\/novoportal\/wp-json\/wp\/v2\/posts\/41323\/revisions"}],"predecessor-version":[{"id":41335,"href":"https:\/\/www.sudoestehoje.com.br\/novoportal\/wp-json\/wp\/v2\/posts\/41323\/revisions\/41335"}],"wp:attachment":[{"href":"https:\/\/www.sudoestehoje.com.br\/novoportal\/wp-json\/wp\/v2\/media?parent=41323"}],"wp:term":[{"taxonomy":"category","embeddable":true,"href":"https:\/\/www.sudoestehoje.com.br\/novoportal\/wp-json\/wp\/v2\/categories?post=41323"},{"taxonomy":"post_tag","embeddable":true,"href":"https:\/\/www.sudoestehoje.com.br\/novoportal\/wp-json\/wp\/v2\/tags?post=41323"}],"curies":[{"name":"wp","href":"https:\/\/api.w.org\/{rel}","templated":true}]}}