
{"id":41311,"date":"2014-09-04T14:45:26","date_gmt":"2014-09-04T17:45:26","guid":{"rendered":"http:\/\/www.sudoestehoje.com.br\/novoportal\/?p=41311"},"modified":"2014-09-04T18:52:33","modified_gmt":"2014-09-04T21:52:33","slug":"militante-derruba-lula-do-palanque","status":"publish","type":"post","link":"https:\/\/www.sudoestehoje.com.br\/novoportal\/2014\/09\/04\/militante-derruba-lula-do-palanque\/","title":{"rendered":"MILITANTE DERRUBA LULA DO PALANQUE"},"content":{"rendered":"<p><a href=\"http:\/\/www.sudoestehoje.com.br\/novoportal\/wp-content\/uploads\/2014\/09\/LULA-CAI.jpg\"><img loading=\"lazy\" decoding=\"async\" class=\"aligncenter  wp-image-41312\" src=\"http:\/\/www.sudoestehoje.com.br\/novoportal\/wp-content\/uploads\/2014\/09\/LULA-CAI.jpg\" alt=\"LULA CAI\" width=\"483\" height=\"319\" \/><\/a><\/p>\n<p><span style=\"color: #000000;\">SALVADOR &#8211; O ex-presidente Luiz In\u00e1cio Lula da Silva foi derrubado por um militante petista durante com\u00edcio realizado na noite desta quarta-feira, na Pra\u00e7a da Revolu\u00e7\u00e3o Sub\u00farbio Ferrovi\u00e1rio, em Salvador. O evento foi organizado pelo PT e partidos coligados em favor da candidatura de Rui Costa (PT) ao governo do Estado e \u00e0 reelei\u00e7\u00e3o da presidente Dilma Rousseff. Principal estrela do com\u00edcio, Lula resolveu cumprimentar de cima do palco um grupo de militantes que se concentrava encostado na parte da frente da estrutura. Um deles puxou o ex-presidente que caiu no palco sendo ajudado a levantar por Rui Costa.<\/span><span style=\"color: #000000;\"><br \/>\n<\/span><\/p>\n<p><span style=\"color: #000000;\">Quando come\u00e7ou a falar, ele se referiu ao fato, explicando que o afoito militante que o puxou era o pai de um aluno que conseguiu entrar na universidade gra\u00e7as aos programas sociais que implantou nos seus dois governos. Lula usou o epis\u00f3dio para lembrar dos compromissos dos governos petistas para com o povo e repetiu que as elites nunca o perdoaram pelo seu sucesso.<br \/>\n<\/span><\/p>\n<p>&#8220;Eles conhecem todas as letras, mas n\u00e3o conhecem a alma e o sentimento do povo brasileiro&#8221;, afirmou, achando que por essa raz\u00e3o, &#8220;o \u00f3dio foi disseminando contra n\u00f3s&#8221;. Esse \u00f3dio, Lula disse ter pensado que acabaria quando Dilma Rousseff, que tem curso universit\u00e1rio, foi eleita presidente. &#8221; Mas isso n\u00e3o ocorreu, porque o preconceito n\u00e3o \u00e9 pessoal \u00e9 ideol\u00f3gico&#8221;, disse.<\/p>\n<p><strong>O COM\u00cdCIO<\/strong><!--more--><\/p>\n<p>Logo cedo, a pra\u00e7a chegou a ficar lotada de cabos eleitorais de candidatos a deputado, mas o movimento atraiu tamb\u00e9m muitos moradores da regi\u00e3o. Alguns levaram filhos nas costas, outros seus cachorros. Al\u00e9m do sistema de som do palanque, que despejava alt\u00edssimos decib\u00e9is de jingles de Rui Costa e de Dilma Rousseff, havia barracas de tira-gostos e promo\u00e7\u00e3o de cerveja. Por volta das 20h30, quando o com\u00edcio come\u00e7ou, muitos circulavam com latinhas ou copo de cerveja na m\u00e3o e bandeira de algum deputado na outra.<\/p>\n<p>Com atraso de uma hora e meia e discursos longos, a pra\u00e7a foi esvaziando. O locutor pedia insistentemente para os cabos eleitorais abaixarem as bandeiras e cartazes mas ningu\u00e9m atendia, pois a ideia era justamente mostrar o rosto e o n\u00famero do candidato. Em um determinado momento, quando os discursos j\u00e1 tinham come\u00e7ado, o governador Jaques Wagner perdeu a paci\u00eancia, pegou o microfone e apelou pra baixar as placas para as imagens poderem ser registradas.<\/p>\n<p>&#8220;Todo mundo j\u00e1 viu o candidato de voc\u00eas&#8221; gritou, sendo desta vez atendido.<\/p>\n<p>A demora dos discurso afugentou os moradores e a pra\u00e7a foi esvaziando. Por volta das 21h45, quando Lula come\u00e7ou a falar, praticamente s\u00f3 os militantes permaneciam no local.<\/p>\n<p><em><strong>O Globo<\/strong><\/em><\/p>\n","protected":false},"excerpt":{"rendered":"<p>SALVADOR &#8211; O ex-presidente Luiz In\u00e1cio Lula da Silva foi derrubado por um militante petista durante com\u00edcio realizado na noite desta quarta-feira, na Pra\u00e7a da Revolu\u00e7\u00e3o Sub\u00farbio Ferrovi\u00e1rio, em Salvador. O evento foi organizado pelo PT e partidos coligados em favor da candidatura de Rui Costa (PT) ao governo do Estado e \u00e0 reelei\u00e7\u00e3o da [&hellip;]<\/p>\n","protected":false},"author":2,"featured_media":0,"comment_status":"open","ping_status":"open","sticky":false,"template":"","format":"standard","meta":{"footnotes":"","_links_to":"","_links_to_target":""},"categories":[1],"tags":[],"class_list":["post-41311","post","type-post","status-publish","format-standard","hentry","category-geral"],"views":1448,"_links":{"self":[{"href":"https:\/\/www.sudoestehoje.com.br\/novoportal\/wp-json\/wp\/v2\/posts\/41311","targetHints":{"allow":["GET"]}}],"collection":[{"href":"https:\/\/www.sudoestehoje.com.br\/novoportal\/wp-json\/wp\/v2\/posts"}],"about":[{"href":"https:\/\/www.sudoestehoje.com.br\/novoportal\/wp-json\/wp\/v2\/types\/post"}],"author":[{"embeddable":true,"href":"https:\/\/www.sudoestehoje.com.br\/novoportal\/wp-json\/wp\/v2\/users\/2"}],"replies":[{"embeddable":true,"href":"https:\/\/www.sudoestehoje.com.br\/novoportal\/wp-json\/wp\/v2\/comments?post=41311"}],"version-history":[{"count":5,"href":"https:\/\/www.sudoestehoje.com.br\/novoportal\/wp-json\/wp\/v2\/posts\/41311\/revisions"}],"predecessor-version":[{"id":41322,"href":"https:\/\/www.sudoestehoje.com.br\/novoportal\/wp-json\/wp\/v2\/posts\/41311\/revisions\/41322"}],"wp:attachment":[{"href":"https:\/\/www.sudoestehoje.com.br\/novoportal\/wp-json\/wp\/v2\/media?parent=41311"}],"wp:term":[{"taxonomy":"category","embeddable":true,"href":"https:\/\/www.sudoestehoje.com.br\/novoportal\/wp-json\/wp\/v2\/categories?post=41311"},{"taxonomy":"post_tag","embeddable":true,"href":"https:\/\/www.sudoestehoje.com.br\/novoportal\/wp-json\/wp\/v2\/tags?post=41311"}],"curies":[{"name":"wp","href":"https:\/\/api.w.org\/{rel}","templated":true}]}}