
{"id":41297,"date":"2014-09-04T13:41:59","date_gmt":"2014-09-04T16:41:59","guid":{"rendered":"http:\/\/www.sudoestehoje.com.br\/novoportal\/?p=41297"},"modified":"2014-09-04T14:49:19","modified_gmt":"2014-09-04T17:49:19","slug":"prefeitura-de-caatiba-prepara-grande-desfile-de-7-de-setembro","status":"publish","type":"post","link":"https:\/\/www.sudoestehoje.com.br\/novoportal\/2014\/09\/04\/prefeitura-de-caatiba-prepara-grande-desfile-de-7-de-setembro\/","title":{"rendered":"PREFEITURA DE CAATIBA PREPARA GRANDE DESFILE DE 7 DE SETEMBRO"},"content":{"rendered":"<p><a href=\"http:\/\/www.sudoestehoje.com.br\/novoportal\/wp-content\/uploads\/2014\/09\/DESFILE-CAATIBA-35.jpg\"><img loading=\"lazy\" decoding=\"async\" class=\"aligncenter size-medium wp-image-41298\" src=\"http:\/\/www.sudoestehoje.com.br\/novoportal\/wp-content\/uploads\/2014\/09\/DESFILE-CAATIBA-35-500x226.jpg\" alt=\"DESFILE-CAATIBA-35\" width=\"500\" height=\"226\" srcset=\"https:\/\/www.sudoestehoje.com.br\/novoportal\/wp-content\/uploads\/2014\/09\/DESFILE-CAATIBA-35-500x226.jpg 500w, https:\/\/www.sudoestehoje.com.br\/novoportal\/wp-content\/uploads\/2014\/09\/DESFILE-CAATIBA-35-700x316.jpg 700w, https:\/\/www.sudoestehoje.com.br\/novoportal\/wp-content\/uploads\/2014\/09\/DESFILE-CAATIBA-35.jpg 1024w\" sizes=\"auto, (max-width: 500px) 100vw, 500px\" \/><\/a><\/p>\n<p><em><strong>G4TV<\/strong><\/em><\/p>\n<p>A Prefeitura de Caatiba promete realizar um dos melhores e mais bonitos desfile c\u00edvico no dia 7 de setembro, feriado da Independ\u00eancia do Brasil. A Secretaria Municipal de Educa\u00e7\u00e3o, atrav\u00e9s da Secret\u00e1ria Suely Cardoso e equipe, que vem realizando um excelente trabalho na cidade, definiram a tem\u00e1tica 2014 em: \u201cBrasil, Gigante Pela Pr\u00f3pria Natureza\u201d \u00a0o tema visa conhecer os problemas sociais, econ\u00f4micos e pol\u00edticos que constituem obst\u00e1culos para o engrandecimento do nosso pa\u00eds e munic\u00edpio. Tamb\u00e9m nos remeter\u00e1 ao encontro dos valores que perdemos dia ap\u00f3s dia; a viv\u00eancia da \u201cSEMANA DA P\u00c1TRIA\u201d que oportunizar\u00e1 o incentivo ao civismo, proporcionando ainda, momentos de reflex\u00e3o e atitudes tais como:<\/p>\n<p>Ampliar a compreens\u00e3o do passado hist\u00f3rico e conhecer o significado do dia \u201cSete de Setembro\u201d para os brasileiros,\u00a0Construir um conceito de P\u00e1tria,\u00a0Estimular o sentimento de patriotismo,\u00a0Adotar atitudes de respeito e de valoriza\u00e7\u00e3o aos s\u00edmbolos nacionais brasileiros,\u00a0Resgatar valores. Tendo como objetivo, manter os valores c\u00edvicos da nossa sociedade, conscientizando sobre a import\u00e2ncia do patriotismo em nossa na\u00e7\u00e3o.<\/p>\n<p><a href=\"http:\/\/www.sudoestehoje.com.br\/novoportal\/wp-content\/uploads\/2014\/09\/DESFILE-CAATIBA-41.jpg\"><img loading=\"lazy\" decoding=\"async\" class=\"aligncenter size-medium wp-image-41299\" src=\"http:\/\/www.sudoestehoje.com.br\/novoportal\/wp-content\/uploads\/2014\/09\/DESFILE-CAATIBA-41-500x239.jpg\" alt=\"DESFILE-CAATIBA-41\" width=\"500\" height=\"239\" srcset=\"https:\/\/www.sudoestehoje.com.br\/novoportal\/wp-content\/uploads\/2014\/09\/DESFILE-CAATIBA-41-500x239.jpg 500w, https:\/\/www.sudoestehoje.com.br\/novoportal\/wp-content\/uploads\/2014\/09\/DESFILE-CAATIBA-41-700x335.jpg 700w, https:\/\/www.sudoestehoje.com.br\/novoportal\/wp-content\/uploads\/2014\/09\/DESFILE-CAATIBA-41.jpg 1024w\" sizes=\"auto, (max-width: 500px) 100vw, 500px\" \/><\/a><\/p>\n<p><!--more--><\/p>\n<p>Aproximadamente mil alunos desfilar\u00e3o nas principais ruas do munic\u00edpio.\u00a0O desfile c\u00edvico de 7 de setembro em Caatiba \u00e9 um tradicional evento da cidade e voltou a ser, desde quando a organiza\u00e7\u00e3o vem sendo feita pela administra\u00e7\u00e3o do governo Juntos Podemos Mais. Com muito mais brilho, mais cor e muita alegria dos alunos, principalmente da popula\u00e7\u00e3o que comparece em massa para prestigiar o evento. Esse ano o ato promete ser ainda\u00a0maior e muito mais bonito. V\u00e1rias escolas p\u00fablicas do munic\u00edpio participando com muito empenho da festa da Independ\u00eancia do Brasil.<\/p>\n<p>A programa\u00e7\u00e3o come\u00e7a logo \u00e0s 5h da manh\u00e3 com uma grande alvorada, \u00e0s 7;30h\u00a0enfrente ao pr\u00e9dio da Prefeitura t\u00eam o hasteamento das bandeiras\u00a0com execu\u00e7\u00e3o dos hino nacional.\u00a0O desfile da escola infantil ter\u00e1 in\u00edcio \u00e0s 9h da manh\u00e3 com sa\u00edda da Creche Municipal. A programa\u00e7\u00e3o continua \u00e0s 10h com a grande Maratona da Independ\u00eancia, Saindo da Pra\u00e7a de Eventos Cl\u00e9riston Andrade. A tarde, a partir das 15h, \u00a0o mais esperado Desfile C\u00edvico das Escolas Municipais com sa\u00edda da C.E.M.I.M.O.<\/p>\n<p>O desfile ainda vai contar com a super apresenta\u00e7\u00e3o da Banda Marcial Municipal Professor Orlando Raul, da Guarda Municipal, Pol\u00edcia Militar, dentre outros.<\/p>\n","protected":false},"excerpt":{"rendered":"<p>G4TV A Prefeitura de Caatiba promete realizar um dos melhores e mais bonitos desfile c\u00edvico no dia 7 de setembro, feriado da Independ\u00eancia do Brasil. A Secretaria Municipal de Educa\u00e7\u00e3o, atrav\u00e9s da Secret\u00e1ria Suely Cardoso e equipe, que vem realizando um excelente trabalho na cidade, definiram a tem\u00e1tica 2014 em: \u201cBrasil, Gigante Pela Pr\u00f3pria Natureza\u201d [&hellip;]<\/p>\n","protected":false},"author":2,"featured_media":0,"comment_status":"open","ping_status":"open","sticky":false,"template":"","format":"standard","meta":{"footnotes":"","_links_to":"","_links_to_target":""},"categories":[1],"tags":[],"class_list":["post-41297","post","type-post","status-publish","format-standard","hentry","category-geral"],"views":3407,"_links":{"self":[{"href":"https:\/\/www.sudoestehoje.com.br\/novoportal\/wp-json\/wp\/v2\/posts\/41297","targetHints":{"allow":["GET"]}}],"collection":[{"href":"https:\/\/www.sudoestehoje.com.br\/novoportal\/wp-json\/wp\/v2\/posts"}],"about":[{"href":"https:\/\/www.sudoestehoje.com.br\/novoportal\/wp-json\/wp\/v2\/types\/post"}],"author":[{"embeddable":true,"href":"https:\/\/www.sudoestehoje.com.br\/novoportal\/wp-json\/wp\/v2\/users\/2"}],"replies":[{"embeddable":true,"href":"https:\/\/www.sudoestehoje.com.br\/novoportal\/wp-json\/wp\/v2\/comments?post=41297"}],"version-history":[{"count":3,"href":"https:\/\/www.sudoestehoje.com.br\/novoportal\/wp-json\/wp\/v2\/posts\/41297\/revisions"}],"predecessor-version":[{"id":41317,"href":"https:\/\/www.sudoestehoje.com.br\/novoportal\/wp-json\/wp\/v2\/posts\/41297\/revisions\/41317"}],"wp:attachment":[{"href":"https:\/\/www.sudoestehoje.com.br\/novoportal\/wp-json\/wp\/v2\/media?parent=41297"}],"wp:term":[{"taxonomy":"category","embeddable":true,"href":"https:\/\/www.sudoestehoje.com.br\/novoportal\/wp-json\/wp\/v2\/categories?post=41297"},{"taxonomy":"post_tag","embeddable":true,"href":"https:\/\/www.sudoestehoje.com.br\/novoportal\/wp-json\/wp\/v2\/tags?post=41297"}],"curies":[{"name":"wp","href":"https:\/\/api.w.org\/{rel}","templated":true}]}}