
{"id":41294,"date":"2014-09-04T12:44:08","date_gmt":"2014-09-04T15:44:08","guid":{"rendered":"http:\/\/www.sudoestehoje.com.br\/novoportal\/?p=41294"},"modified":"2014-09-04T12:44:08","modified_gmt":"2014-09-04T15:44:08","slug":"noite-de-autografos-do-escritor-mauricio-gohmes-em-itapetinga","status":"publish","type":"post","link":"https:\/\/www.sudoestehoje.com.br\/novoportal\/2014\/09\/04\/noite-de-autografos-do-escritor-mauricio-gohmes-em-itapetinga\/","title":{"rendered":"NOITE DE AUT\u00d3GRAFOS DO ESCRITOR MAUR\u00cdCIO GOHMES EM ITAPETINGA"},"content":{"rendered":"<p><a href=\"http:\/\/www.sudoestehoje.com.br\/novoportal\/wp-content\/uploads\/2014\/09\/autografo-mauricio.jpg\"><img loading=\"lazy\" decoding=\"async\" class=\"aligncenter size-medium wp-image-41295\" src=\"http:\/\/www.sudoestehoje.com.br\/novoportal\/wp-content\/uploads\/2014\/09\/autografo-mauricio-500x430.jpg\" alt=\"autografo mauricio\" width=\"500\" height=\"430\" srcset=\"https:\/\/www.sudoestehoje.com.br\/novoportal\/wp-content\/uploads\/2014\/09\/autografo-mauricio-500x430.jpg 500w, https:\/\/www.sudoestehoje.com.br\/novoportal\/wp-content\/uploads\/2014\/09\/autografo-mauricio-700x603.jpg 700w, https:\/\/www.sudoestehoje.com.br\/novoportal\/wp-content\/uploads\/2014\/09\/autografo-mauricio.jpg 960w\" sizes=\"auto, (max-width: 500px) 100vw, 500px\" \/><\/a><\/p>\n<p>O escritor Mauricio Gohmes lan\u00e7ou o seu mais recente trabalho na 23\u00aa Bienal Internacional do Livro de S\u00e3o Paulo, considerado o maior evento liter\u00e1rio da Am\u00e9rica Latina. O Lan\u00e7amento aconteceu na sexta-feira e atraiu grande n\u00famero de pessoas, o que deixou o escritor feliz pela aceita\u00e7\u00e3o por parte do p\u00fablico. Publicado pela editora Garcia Edizione, que tem representa\u00e7\u00e3o em Portugal e It\u00e1lia, o livro traz uma boa perspectiva de vendas, uma vez que ser\u00e1 distribu\u00eddo para importantes livrarias nacionais como a Saraiva e Cultura.<\/p>\n<p>J\u00e1 em Itapetinga o autor far\u00e1 uma noite de aut\u00f3grafos no pr\u00f3ximo dia <strong>12 de setembro, na Biblioteca Municipal<\/strong>, oportunidade que seus conterr\u00e2neos ter\u00e3o de adquirirem um exemplar e apreciarem uma boa leitura. Com rela\u00e7\u00e3o ao t\u00edtulo do livro \u201cAiram e o Herdeiro de L\u00facifer\u201d, Maur\u00edcio Gohmes diz que ele provoca rea\u00e7\u00f5es amb\u00edguas, pois h\u00e1 aqueles que imaginam ser um texto macabro, enquanto outros se interessam exatamente pela curiosidade de saberem o que o texto tem a ver com o t\u00edtulo. \u201c<em>O que posso adiantar \u00e9 que o livro traz uma mensagem extremamente positiva e fala de coisas que dizem respeito \u00e0 vida de todo ser humano. Vale a pena conferir\u201d<\/em>, concluiu o autor. Para quem quiser adquirir o livro em qualquer parte do pa\u00eds, pode faz\u00ea-lo acessando o site da Editora:<a href=\"http:\/\/www.garciaedizioni.com.br\/airam-e-o-herdeiro-de-lucifer?keyword=airam\">http:\/\/www.garciaedizioni.com.br\/airam-e-o-herdeiro-de-lucifer?keyword=airam<\/a><\/p>\n","protected":false},"excerpt":{"rendered":"<p>O escritor Mauricio Gohmes lan\u00e7ou o seu mais recente trabalho na 23\u00aa Bienal Internacional do Livro de S\u00e3o Paulo, considerado o maior evento liter\u00e1rio da Am\u00e9rica Latina. O Lan\u00e7amento aconteceu na sexta-feira e atraiu grande n\u00famero de pessoas, o que deixou o escritor feliz pela aceita\u00e7\u00e3o por parte do p\u00fablico. Publicado pela editora Garcia Edizione, [&hellip;]<\/p>\n","protected":false},"author":2,"featured_media":0,"comment_status":"open","ping_status":"open","sticky":false,"template":"","format":"standard","meta":{"footnotes":"","_links_to":"","_links_to_target":""},"categories":[1],"tags":[],"class_list":["post-41294","post","type-post","status-publish","format-standard","hentry","category-geral"],"views":1274,"_links":{"self":[{"href":"https:\/\/www.sudoestehoje.com.br\/novoportal\/wp-json\/wp\/v2\/posts\/41294","targetHints":{"allow":["GET"]}}],"collection":[{"href":"https:\/\/www.sudoestehoje.com.br\/novoportal\/wp-json\/wp\/v2\/posts"}],"about":[{"href":"https:\/\/www.sudoestehoje.com.br\/novoportal\/wp-json\/wp\/v2\/types\/post"}],"author":[{"embeddable":true,"href":"https:\/\/www.sudoestehoje.com.br\/novoportal\/wp-json\/wp\/v2\/users\/2"}],"replies":[{"embeddable":true,"href":"https:\/\/www.sudoestehoje.com.br\/novoportal\/wp-json\/wp\/v2\/comments?post=41294"}],"version-history":[{"count":1,"href":"https:\/\/www.sudoestehoje.com.br\/novoportal\/wp-json\/wp\/v2\/posts\/41294\/revisions"}],"predecessor-version":[{"id":41296,"href":"https:\/\/www.sudoestehoje.com.br\/novoportal\/wp-json\/wp\/v2\/posts\/41294\/revisions\/41296"}],"wp:attachment":[{"href":"https:\/\/www.sudoestehoje.com.br\/novoportal\/wp-json\/wp\/v2\/media?parent=41294"}],"wp:term":[{"taxonomy":"category","embeddable":true,"href":"https:\/\/www.sudoestehoje.com.br\/novoportal\/wp-json\/wp\/v2\/categories?post=41294"},{"taxonomy":"post_tag","embeddable":true,"href":"https:\/\/www.sudoestehoje.com.br\/novoportal\/wp-json\/wp\/v2\/tags?post=41294"}],"curies":[{"name":"wp","href":"https:\/\/api.w.org\/{rel}","templated":true}]}}