
{"id":41290,"date":"2014-09-04T00:42:47","date_gmt":"2014-09-04T03:42:47","guid":{"rendered":"http:\/\/www.sudoestehoje.com.br\/novoportal\/?p=41290"},"modified":"2014-09-04T00:42:47","modified_gmt":"2014-09-04T03:42:47","slug":"heraldo-diz-que-pt-destruiu-azaleia","status":"publish","type":"post","link":"https:\/\/www.sudoestehoje.com.br\/novoportal\/2014\/09\/04\/heraldo-diz-que-pt-destruiu-azaleia\/","title":{"rendered":"HERALDO DIZ QUE PT DESTRUIU AZAL\u00c9IA"},"content":{"rendered":"<p><a href=\"http:\/\/www.sudoestehoje.com.br\/novoportal\/wp-content\/uploads\/2014\/09\/heraldo-na-azaleia.jpg\"><img loading=\"lazy\" decoding=\"async\" class=\"aligncenter size-medium wp-image-41291\" src=\"http:\/\/www.sudoestehoje.com.br\/novoportal\/wp-content\/uploads\/2014\/09\/heraldo-na-azaleia-366x500.jpg\" alt=\"heraldo na azaleia\" width=\"366\" height=\"500\" srcset=\"https:\/\/www.sudoestehoje.com.br\/novoportal\/wp-content\/uploads\/2014\/09\/heraldo-na-azaleia-366x500.jpg 366w, https:\/\/www.sudoestehoje.com.br\/novoportal\/wp-content\/uploads\/2014\/09\/heraldo-na-azaleia-512x700.jpg 512w, https:\/\/www.sudoestehoje.com.br\/novoportal\/wp-content\/uploads\/2014\/09\/heraldo-na-azaleia.jpg 703w\" sizes=\"auto, (max-width: 366px) 100vw, 366px\" \/><\/a><\/p>\n<p>Na sua p\u00e1gina no Facebook, o candidato Heraldo Rocha faz duras cr\u00edticas ao PT, partido do governador Jaques Wagner e do prefeito de Itapetinga, Jos\u00e9 Carlos Moura, por nada terem feito para impedir o fechamento das fabricas da Azal\u00e9ia na regi\u00e3o, gerando uma onda de demiss\u00f5es que desempregou cerca de 18 mil funcion\u00e1rios. Veja o que diz \u00a0Heraldo:<\/p>\n<p><em><span style=\"color: #141823;\">&#8220;O compromisso de nossa chapa \u00e9 resgatar a dignidade, a alegria e a alta produ\u00e7\u00e3o para favorecer o POVO!!!<\/span><\/em><br style=\"color: #141823;\" \/><em><span style=\"color: #141823;\">Chega de PT!!!<\/span><\/em><br style=\"color: #141823;\" \/><em><span style=\"color: #141823;\">Chega de PT!!!<\/span><\/em><br style=\"color: #141823;\" \/><em><span style=\"color: #141823;\">O PT, destruiu a Azal\u00e9ia!!!&#8221;<\/span><\/em><\/p>\n<p>O candidato do DEM ao governo, Paulo Souto, gravou depoimentos de ex-empregados da Vulcabras\/Azaleia, que dever\u00e3o ir ao ar, nos pr\u00f3ximos dias, no programa eleitoral no r\u00e1dio e na TV.<\/p>\n<p><strong><em>Por Davi Ferraz<\/em><\/strong><\/p>\n","protected":false},"excerpt":{"rendered":"<p>Na sua p\u00e1gina no Facebook, o candidato Heraldo Rocha faz duras cr\u00edticas ao PT, partido do governador Jaques Wagner e do prefeito de Itapetinga, Jos\u00e9 Carlos Moura, por nada terem feito para impedir o fechamento das fabricas da Azal\u00e9ia na regi\u00e3o, gerando uma onda de demiss\u00f5es que desempregou cerca de 18 mil funcion\u00e1rios. Veja o [&hellip;]<\/p>\n","protected":false},"author":2,"featured_media":0,"comment_status":"open","ping_status":"open","sticky":false,"template":"","format":"standard","meta":{"footnotes":"","_links_to":"","_links_to_target":""},"categories":[1],"tags":[],"class_list":["post-41290","post","type-post","status-publish","format-standard","hentry","category-geral"],"views":1369,"_links":{"self":[{"href":"https:\/\/www.sudoestehoje.com.br\/novoportal\/wp-json\/wp\/v2\/posts\/41290","targetHints":{"allow":["GET"]}}],"collection":[{"href":"https:\/\/www.sudoestehoje.com.br\/novoportal\/wp-json\/wp\/v2\/posts"}],"about":[{"href":"https:\/\/www.sudoestehoje.com.br\/novoportal\/wp-json\/wp\/v2\/types\/post"}],"author":[{"embeddable":true,"href":"https:\/\/www.sudoestehoje.com.br\/novoportal\/wp-json\/wp\/v2\/users\/2"}],"replies":[{"embeddable":true,"href":"https:\/\/www.sudoestehoje.com.br\/novoportal\/wp-json\/wp\/v2\/comments?post=41290"}],"version-history":[{"count":2,"href":"https:\/\/www.sudoestehoje.com.br\/novoportal\/wp-json\/wp\/v2\/posts\/41290\/revisions"}],"predecessor-version":[{"id":41293,"href":"https:\/\/www.sudoestehoje.com.br\/novoportal\/wp-json\/wp\/v2\/posts\/41290\/revisions\/41293"}],"wp:attachment":[{"href":"https:\/\/www.sudoestehoje.com.br\/novoportal\/wp-json\/wp\/v2\/media?parent=41290"}],"wp:term":[{"taxonomy":"category","embeddable":true,"href":"https:\/\/www.sudoestehoje.com.br\/novoportal\/wp-json\/wp\/v2\/categories?post=41290"},{"taxonomy":"post_tag","embeddable":true,"href":"https:\/\/www.sudoestehoje.com.br\/novoportal\/wp-json\/wp\/v2\/tags?post=41290"}],"curies":[{"name":"wp","href":"https:\/\/api.w.org\/{rel}","templated":true}]}}