
{"id":41281,"date":"2014-09-03T23:02:15","date_gmt":"2014-09-04T02:02:15","guid":{"rendered":"http:\/\/www.sudoestehoje.com.br\/novoportal\/?p=41281"},"modified":"2014-09-03T23:02:15","modified_gmt":"2014-09-04T02:02:15","slug":"por-racismo-de-torcedores-gremio-e-excluido-da-copa-do-brasil","status":"publish","type":"post","link":"https:\/\/www.sudoestehoje.com.br\/novoportal\/2014\/09\/03\/por-racismo-de-torcedores-gremio-e-excluido-da-copa-do-brasil\/","title":{"rendered":"POR RACISMO DE TORCEDORES, GR\u00caMIO \u00c9 EXCLU\u00cdDO DA COPA DO BRASIL"},"content":{"rendered":"<p><a href=\"http:\/\/www.sudoestehoje.com.br\/novoportal\/wp-content\/uploads\/2014\/09\/TORCEDORA-RACISTA.jpg\"><img loading=\"lazy\" decoding=\"async\" class=\"aligncenter size-medium wp-image-41282\" src=\"http:\/\/www.sudoestehoje.com.br\/novoportal\/wp-content\/uploads\/2014\/09\/TORCEDORA-RACISTA-500x281.jpg\" alt=\"TORCEDORA RACISTA\" width=\"500\" height=\"281\" srcset=\"https:\/\/www.sudoestehoje.com.br\/novoportal\/wp-content\/uploads\/2014\/09\/TORCEDORA-RACISTA-500x281.jpg 500w, https:\/\/www.sudoestehoje.com.br\/novoportal\/wp-content\/uploads\/2014\/09\/TORCEDORA-RACISTA.jpg 622w\" sizes=\"auto, (max-width: 500px) 100vw, 500px\" \/><\/a><\/p>\n<p><span style=\"color: #000000;\">As ofensas racistas proferidas por alguns torcedores do Gr\u00eamio contra o goleiro Aranha na partida diante do Santos, pela Copa do Brasil, acabaram custando caro ao clube. Nesta quarta-feira, o time ga\u00facho foi condenado pela 3\u00aa Comiss\u00e3o Disciplinar do Superior Tribunal de Justi\u00e7a Desportiva (STJD) com a pena m\u00e1xima: exclus\u00e3o da Copa do Brasil. A senten\u00e7a veio ap\u00f3s uma sess\u00e3o de quatro horas de dura\u00e7\u00e3o, e por unanimidade de votos por parte dos auditores.<\/span><\/p>\n<p id=\"yui_3_16_0_1_1409795718476_1002\" style=\"color: #000000;\">O clube ga\u00facho ter\u00e1 de pagar uma multa de R$ 50 mil pelas ofensas a Aranha, mais R$ 2 mil por sua torcida ter atirado papel higi\u00eanico em campo, e outros R$ 2 mil pelo atraso na entrada em campo &#8211; o Santos foi condenado a pagar R$ 4 mil por este mesmo motivo. O Gr\u00eamio deve recorrer decis\u00e3o ao Pleno do STJD. Os torcedores identificados est\u00e3o proibidos de frequentar est\u00e1dios por 720 dias.<\/p>\n<p id=\"yui_3_16_0_1_1409795718476_1019\" style=\"color: #000000;\">O \u00e1rbitro Wilton Pereira Sampaio foi condenado a uma suspens\u00e3o de 45 dias e pagamento de R$ 800 de multa por n\u00e3o ter colocado em s\u00famula as ofensas a Aranha, fazendo-o apenas atrav\u00e9s de um adendo, ap\u00f3s ver imagens de televis\u00e3o sobre o fato. Os auxiliares pegaram 30 dias e multa de R$ 500.<\/p>\n","protected":false},"excerpt":{"rendered":"<p>As ofensas racistas proferidas por alguns torcedores do Gr\u00eamio contra o goleiro Aranha na partida diante do Santos, pela Copa do Brasil, acabaram custando caro ao clube. Nesta quarta-feira, o time ga\u00facho foi condenado pela 3\u00aa Comiss\u00e3o Disciplinar do Superior Tribunal de Justi\u00e7a Desportiva (STJD) com a pena m\u00e1xima: exclus\u00e3o da Copa do Brasil. A [&hellip;]<\/p>\n","protected":false},"author":2,"featured_media":0,"comment_status":"open","ping_status":"open","sticky":false,"template":"","format":"standard","meta":{"footnotes":"","_links_to":"","_links_to_target":""},"categories":[1],"tags":[],"class_list":["post-41281","post","type-post","status-publish","format-standard","hentry","category-geral"],"views":3427,"_links":{"self":[{"href":"https:\/\/www.sudoestehoje.com.br\/novoportal\/wp-json\/wp\/v2\/posts\/41281","targetHints":{"allow":["GET"]}}],"collection":[{"href":"https:\/\/www.sudoestehoje.com.br\/novoportal\/wp-json\/wp\/v2\/posts"}],"about":[{"href":"https:\/\/www.sudoestehoje.com.br\/novoportal\/wp-json\/wp\/v2\/types\/post"}],"author":[{"embeddable":true,"href":"https:\/\/www.sudoestehoje.com.br\/novoportal\/wp-json\/wp\/v2\/users\/2"}],"replies":[{"embeddable":true,"href":"https:\/\/www.sudoestehoje.com.br\/novoportal\/wp-json\/wp\/v2\/comments?post=41281"}],"version-history":[{"count":1,"href":"https:\/\/www.sudoestehoje.com.br\/novoportal\/wp-json\/wp\/v2\/posts\/41281\/revisions"}],"predecessor-version":[{"id":41283,"href":"https:\/\/www.sudoestehoje.com.br\/novoportal\/wp-json\/wp\/v2\/posts\/41281\/revisions\/41283"}],"wp:attachment":[{"href":"https:\/\/www.sudoestehoje.com.br\/novoportal\/wp-json\/wp\/v2\/media?parent=41281"}],"wp:term":[{"taxonomy":"category","embeddable":true,"href":"https:\/\/www.sudoestehoje.com.br\/novoportal\/wp-json\/wp\/v2\/categories?post=41281"},{"taxonomy":"post_tag","embeddable":true,"href":"https:\/\/www.sudoestehoje.com.br\/novoportal\/wp-json\/wp\/v2\/tags?post=41281"}],"curies":[{"name":"wp","href":"https:\/\/api.w.org\/{rel}","templated":true}]}}