
{"id":41267,"date":"2014-09-03T22:15:07","date_gmt":"2014-09-04T01:15:07","guid":{"rendered":"http:\/\/www.sudoestehoje.com.br\/novoportal\/?p=41267"},"modified":"2014-09-03T22:18:07","modified_gmt":"2014-09-04T01:18:07","slug":"depois-da-denuncia-do-blog-rosemberg-tenta-se-explicar-no-bn","status":"publish","type":"post","link":"https:\/\/www.sudoestehoje.com.br\/novoportal\/2014\/09\/03\/depois-da-denuncia-do-blog-rosemberg-tenta-se-explicar-no-bn\/","title":{"rendered":"DEPOIS DA DEN\u00daNCIA DO BLOG, ROSEMBERG TENTA SE EXPLICAR NA IMPRENSA"},"content":{"rendered":"<p>A den\u00fancia postada no Sudoeste Hoje, mostrando a estranha dobradinha do l\u00edder do PT, Rosemberg Pinto, com o oposicionista L\u00facio Vieira Lima, em Caatiba, repercutiu forte nos meios pol\u00edticos da capital baiana, for\u00e7ando o deputado petista a dar explica\u00e7\u00f5es no partido e na grande imprensa baiana. Confira mat\u00e9ria postada no site Bahia Not\u00edcias, nesta quarta-feira:<\/p>\n<h2><a href=\"http:\/\/www.bahianoticias.com.br\/noticia\/159804-rosemberg-explica-placas-com-candidatos-da-oposicao-nada-tem-a-ver-com-o-meu-comite.html\">Rosemberg explica placas com candidatos da oposi\u00e7\u00e3o: \u2018Nada tem a ver com o meu comit\u00ea\u2019<\/a><\/h2>\n<div id=\"attachment_41268\" style=\"width: 510px\" class=\"wp-caption aligncenter\"><a href=\"http:\/\/www.sudoestehoje.com.br\/novoportal\/wp-content\/uploads\/2014\/09\/chapa-de-rosemberg-caatiba-500x3001.jpg\"><img loading=\"lazy\" decoding=\"async\" aria-describedby=\"caption-attachment-41268\" class=\"size-full wp-image-41268\" src=\"http:\/\/www.sudoestehoje.com.br\/novoportal\/wp-content\/uploads\/2014\/09\/chapa-de-rosemberg-caatiba-500x3001.jpg\" alt=\"Foto den\u00fancia postada originalmente no Sudoeste Hoje.\" width=\"500\" height=\"300\" \/><\/a><p id=\"caption-attachment-41268\" class=\"wp-caption-text\">Foto Sudoeste Hoje<\/p><\/div>\n<p><em>O candidato a deputado estadual Rosemberg Pinto (PT) explicou nesta ter\u00e7a-feira (2), porque aparece na mesma placa com L\u00facio Vieira Lima (PMDB), que integra a chapa oposicionista na corrida pelo governo do Estado &#8211; al\u00e9m dos candidatos ao Senado e ao governo pela chapa da oposi\u00e7\u00e3o, Geddel Vieira Lima (PMDB) e Paulo Souto (DEM). Em nota, Rosemberg afirma que a produ\u00e7\u00e3o de pinturas ou plotagens que n\u00e3o estejam de acordo com a coliga\u00e7\u00e3o petista s\u00e3o produzidas por lideran\u00e7as locais e \u201cnada tem a ver com o meu comit\u00ea\u201d. O candidato sugere que recebeu apoio de pol\u00edticos da regi\u00e3o de Caatiba, Itaju\u00edpe e Maiquinique que haviam participado de sua coliga\u00e7\u00e3o durante as elei\u00e7\u00f5es municipais de 2012. \u201cTodos esses apoios foram recebidos e mantidos ao longo da minha trajet\u00f3ria pol\u00edtica, assim como o retribu\u00ed durante as elei\u00e7\u00f5es para prefeito\u201d, defendeu. No fim do texto, o postulante ainda frisa que sempre estar\u00e1 \u201cao lado de Dilma, Rui, Otto e todos os candidatos\u201d do PT. \u201cPor isso, deixo claro que, a minha posi\u00e7\u00e3o partid\u00e1ria continua a mesma, assim como todo o meu empenho e trabalho a favor do Time de Lula e Dilma\u201d, concluiu.\u00a0<\/em><\/p>\n<p>Falou, mas n\u00e3o convenceu&#8230;<\/p>\n<p><strong><em>Por Davi Ferraz<\/em><\/strong><\/p>\n","protected":false},"excerpt":{"rendered":"<p>A den\u00fancia postada no Sudoeste Hoje, mostrando a estranha dobradinha do l\u00edder do PT, Rosemberg Pinto, com o oposicionista L\u00facio Vieira Lima, em Caatiba, repercutiu forte nos meios pol\u00edticos da capital baiana, for\u00e7ando o deputado petista a dar explica\u00e7\u00f5es no partido e na grande imprensa baiana. Confira mat\u00e9ria postada no site Bahia Not\u00edcias, nesta quarta-feira: [&hellip;]<\/p>\n","protected":false},"author":2,"featured_media":0,"comment_status":"open","ping_status":"open","sticky":false,"template":"","format":"standard","meta":{"footnotes":"","_links_to":"","_links_to_target":""},"categories":[1],"tags":[],"class_list":["post-41267","post","type-post","status-publish","format-standard","hentry","category-geral"],"views":1237,"_links":{"self":[{"href":"https:\/\/www.sudoestehoje.com.br\/novoportal\/wp-json\/wp\/v2\/posts\/41267","targetHints":{"allow":["GET"]}}],"collection":[{"href":"https:\/\/www.sudoestehoje.com.br\/novoportal\/wp-json\/wp\/v2\/posts"}],"about":[{"href":"https:\/\/www.sudoestehoje.com.br\/novoportal\/wp-json\/wp\/v2\/types\/post"}],"author":[{"embeddable":true,"href":"https:\/\/www.sudoestehoje.com.br\/novoportal\/wp-json\/wp\/v2\/users\/2"}],"replies":[{"embeddable":true,"href":"https:\/\/www.sudoestehoje.com.br\/novoportal\/wp-json\/wp\/v2\/comments?post=41267"}],"version-history":[{"count":6,"href":"https:\/\/www.sudoestehoje.com.br\/novoportal\/wp-json\/wp\/v2\/posts\/41267\/revisions"}],"predecessor-version":[{"id":41280,"href":"https:\/\/www.sudoestehoje.com.br\/novoportal\/wp-json\/wp\/v2\/posts\/41267\/revisions\/41280"}],"wp:attachment":[{"href":"https:\/\/www.sudoestehoje.com.br\/novoportal\/wp-json\/wp\/v2\/media?parent=41267"}],"wp:term":[{"taxonomy":"category","embeddable":true,"href":"https:\/\/www.sudoestehoje.com.br\/novoportal\/wp-json\/wp\/v2\/categories?post=41267"},{"taxonomy":"post_tag","embeddable":true,"href":"https:\/\/www.sudoestehoje.com.br\/novoportal\/wp-json\/wp\/v2\/tags?post=41267"}],"curies":[{"name":"wp","href":"https:\/\/api.w.org\/{rel}","templated":true}]}}