
{"id":41249,"date":"2014-09-03T12:26:08","date_gmt":"2014-09-03T15:26:08","guid":{"rendered":"http:\/\/www.sudoestehoje.com.br\/novoportal\/?p=41249"},"modified":"2014-09-03T12:57:50","modified_gmt":"2014-09-03T15:57:50","slug":"heraldo-rocha-constata-abandono-na-lagoa-do-abaete","status":"publish","type":"post","link":"https:\/\/www.sudoestehoje.com.br\/novoportal\/2014\/09\/03\/heraldo-rocha-constata-abandono-na-lagoa-do-abaete\/","title":{"rendered":"HERALDO ROCHA CONSTATA ABANDONO NA LAGOA DO ABAET\u00c9"},"content":{"rendered":"<p id=\"yui_3_16_0_1_1409756844025_3006\" class=\"yiv6754422270MsoNormal\" style=\"color: #000000;\"><img loading=\"lazy\" decoding=\"async\" class=\"aligncenter\" src=\"http:\/\/heraldorocha.com.br\/wp-content\/uploads\/2014\/09\/jpg\" alt=\"\" width=\"509\" height=\"382\" \/><\/p>\n<p id=\"yui_3_16_0_1_1409756844025_3008\" class=\"yiv6754422270MsoNormal\" style=\"color: #000000;\">A Lagoa do Abaet\u00e9, um dos pontos tur\u00edsticos mais visitados de Salvador, uma \u00e1rea de prote\u00e7\u00e3o Ambiental do Parque Metropolitano, cantada em verso e prosa por Dorival Caymmi, est\u00e1\u00a0\u00a0abandonada pelo Governo do Estado e vive em uma situa\u00e7\u00e3o degradante, sofrendo com assaltos e tr\u00e1fico de drogas.<\/p>\n<p id=\"yui_3_16_0_1_1409756844025_3016\" class=\"yiv6754422270MsoNormal\" style=\"color: #000000;\">Al\u00e9m disso, tem os equipamentos urbanos destru\u00eddos pelo tempo\u00a0\u00a0que est\u00e3o numa situa\u00e7\u00e3o que oferece perigo para os baianos e os visitantes. Esta constata\u00e7\u00e3o foi feita nesta quarta-feira, (dia 3) pelo presidente do DEM Municipal Heraldo Rocha, candidato a Deputado Estadual, depois de um caf\u00e9 da manh\u00e3 com lideran\u00e7as pol\u00edticas em um hotel em Itapu\u00e3.<\/p>\n<p class=\"yiv6754422270MsoNormal\" style=\"color: #000000;\"><a href=\"http:\/\/www.sudoestehoje.com.br\/novoportal\/wp-content\/uploads\/2014\/09\/ABAET\u00c9-1.jpg\"><img loading=\"lazy\" decoding=\"async\" class=\"aligncenter  wp-image-41251\" src=\"http:\/\/www.sudoestehoje.com.br\/novoportal\/wp-content\/uploads\/2014\/09\/ABAET\u00c9-1.jpg\" alt=\"ABAET\u00c9 1\" width=\"507\" height=\"360\" \/><\/a><\/p>\n<p id=\"yui_3_16_0_1_1409756844025_3021\" class=\"yiv6754422270MsoNormal\" style=\"color: #000000;\">Ap\u00f3s a reuni\u00e3o, antes de retornar para o Centro, Heraldo resolveu visitar o Parque do Abaet\u00e9 e ficou assustado com o que viu. \u201cN\u00e3o pode acontecer isso. A Lagoa do Abaet\u00e9 \u00e9 um patrim\u00f4nio da Bahia, atrai milhares de turistas todos os anos e este parque est\u00e1 abandonado pela Conder que \u00e9 respons\u00e1vel pela sua manuten\u00e7\u00e3o.<\/p>\n<p id=\"yui_3_16_0_1_1409756844025_3026\" class=\"yiv6754422270MsoNormal\" style=\"color: #000000;\">Heraldo Rocha se lembrou da situa\u00e7\u00e3o calamitosa que verificou na ter\u00e7a-feira (2), no Pelourinho e das queixas que recebeu do pessoal da ABIH sobre o abandono do Parque de S\u00e3o Bartolomeu, Parque Costa Azul e Parque de Pitua\u00e7u. \u201cA Conder n\u00e3o faz nada pela manuten\u00e7\u00e3o desses equipamentos e isso al\u00e9m de contribuir para a falta de seguran\u00e7a prejudica o nosso turismo\u201d.<a href=\"http:\/\/www.sudoestehoje.com.br\/novoportal\/wp-content\/uploads\/2014\/09\/ABAET\u00c9-2.jpg\"><img loading=\"lazy\" decoding=\"async\" class=\"aligncenter size-medium wp-image-41252\" src=\"http:\/\/www.sudoestehoje.com.br\/novoportal\/wp-content\/uploads\/2014\/09\/ABAET\u00c9-2-500x333.jpg\" alt=\"ABAET\u00c9 2\" width=\"500\" height=\"333\" srcset=\"https:\/\/www.sudoestehoje.com.br\/novoportal\/wp-content\/uploads\/2014\/09\/ABAET\u00c9-2-500x333.jpg 500w, https:\/\/www.sudoestehoje.com.br\/novoportal\/wp-content\/uploads\/2014\/09\/ABAET\u00c9-2-700x466.jpg 700w, https:\/\/www.sudoestehoje.com.br\/novoportal\/wp-content\/uploads\/2014\/09\/ABAET\u00c9-2.jpg 800w\" sizes=\"auto, (max-width: 500px) 100vw, 500px\" \/><\/a><\/p>\n<p class=\"yiv6754422270MsoNormal\" style=\"color: #000000;\">Prosseguindo Heraldo Rocha afirmou: \u201c\u00c9\u00a0mais um patrim\u00f4nio da nossa bela Salvador degradado, a Lagoa do Abaet\u00e9. Como afirmei na visita que realizei no Centro Antigo, parece que o Patrim\u00f4nio natural, cultural e art\u00edstico t\u00e3o conservado e melhorado pelo ent\u00e3o governador Antonio Carlos Magalh\u00e3es est\u00e1 sendo destru\u00eddo pelo governo do PT de forma perversa.<!--more--><\/p>\n<p class=\"yiv6754422270MsoNormal\" style=\"color: #000000;\">Heraldo lembrou que a lagoa que foi divulgada mundialmente atrav\u00e9s das m\u00fasicas de Caymmi e hoje \u00e9 sin\u00f4nimo de medo para qualquer\u00a0\u00a0visitante e\u00a0\u00a0a sensa\u00e7\u00e3o de abandono \u00e9 vis\u00edvel para qualquer\u00a0\u00a0pessoa que chega.<\/p>\n<p class=\"yiv6754422270MsoNormal\" style=\"color: #000000;\">Escadas quebradas, cal\u00e7adas de pedras portuguesas destru\u00eddas, sujeira em toda parte este foi o panorama verificado no local. Heraldo foi cercado por alguns comerciantes que reclamaram do abandono e se queixaram tamb\u00e9m do n\u00famero de assaltos que vem afastando os turistas.<\/p>\n<p class=\"yiv6754422270MsoNormal\" style=\"color: #000000;\">\u201c S\u00e3o v\u00e1rios assaltos di\u00e1rios aqui nas proximidades da Lagoa, sentimos falta de um policiamento mais presente porque sem seguran\u00e7a n\u00e3o tem turismo\u201d relatou Fernando da Paix\u00e3o Silva,\u00a0\u00a0que mora nas proximidades do Parque e faz bico guardando carro no estacionamento esburacado.<\/p>\n<p id=\"yui_3_16_0_1_1409756844025_3033\" class=\"yiv6754422270MsoNormal\" style=\"color: #000000;\"><span id=\"yui_3_16_0_1_1409756844025_3035\">Heraldo Rocha\u00a0\u00a0levantou ainda a quest\u00e3o ambiental. As dunas est\u00e3o sendo destru\u00eddas, a lagoa est\u00e1 diminuindo de tamanho. \u201cUm processo de degrada\u00e7\u00e3o\u00a0\u00a0geral, n\u00e3o sou especialista, mas dizem at\u00e9 que a lagoa corre risco de desaparecer\u201d, afirmou dizendo ainda que \u201co local se bem cuidado fosse poderia ser utilizada tamb\u00e9m como turismo ecol\u00f3gico por causa das trilhas pelas suas dunas, que hoje s\u00f3 s\u00e3o utilizadas por bandidos como rota de fuga\u201d.<\/span><\/p>\n<p id=\"yui_3_16_0_1_1409756844025_3031\" class=\"yiv6754422270MsoNormal\" style=\"color: #000000;\">\n","protected":false},"excerpt":{"rendered":"<p>A Lagoa do Abaet\u00e9, um dos pontos tur\u00edsticos mais visitados de Salvador, uma \u00e1rea de prote\u00e7\u00e3o Ambiental do Parque Metropolitano, cantada em verso e prosa por Dorival Caymmi, est\u00e1\u00a0\u00a0abandonada pelo Governo do Estado e vive em uma situa\u00e7\u00e3o degradante, sofrendo com assaltos e tr\u00e1fico de drogas. Al\u00e9m disso, tem os equipamentos urbanos destru\u00eddos pelo tempo\u00a0\u00a0que [&hellip;]<\/p>\n","protected":false},"author":2,"featured_media":0,"comment_status":"open","ping_status":"open","sticky":false,"template":"","format":"standard","meta":{"footnotes":"","_links_to":"","_links_to_target":""},"categories":[1],"tags":[],"class_list":["post-41249","post","type-post","status-publish","format-standard","hentry","category-geral"],"views":2178,"_links":{"self":[{"href":"https:\/\/www.sudoestehoje.com.br\/novoportal\/wp-json\/wp\/v2\/posts\/41249","targetHints":{"allow":["GET"]}}],"collection":[{"href":"https:\/\/www.sudoestehoje.com.br\/novoportal\/wp-json\/wp\/v2\/posts"}],"about":[{"href":"https:\/\/www.sudoestehoje.com.br\/novoportal\/wp-json\/wp\/v2\/types\/post"}],"author":[{"embeddable":true,"href":"https:\/\/www.sudoestehoje.com.br\/novoportal\/wp-json\/wp\/v2\/users\/2"}],"replies":[{"embeddable":true,"href":"https:\/\/www.sudoestehoje.com.br\/novoportal\/wp-json\/wp\/v2\/comments?post=41249"}],"version-history":[{"count":4,"href":"https:\/\/www.sudoestehoje.com.br\/novoportal\/wp-json\/wp\/v2\/posts\/41249\/revisions"}],"predecessor-version":[{"id":41257,"href":"https:\/\/www.sudoestehoje.com.br\/novoportal\/wp-json\/wp\/v2\/posts\/41249\/revisions\/41257"}],"wp:attachment":[{"href":"https:\/\/www.sudoestehoje.com.br\/novoportal\/wp-json\/wp\/v2\/media?parent=41249"}],"wp:term":[{"taxonomy":"category","embeddable":true,"href":"https:\/\/www.sudoestehoje.com.br\/novoportal\/wp-json\/wp\/v2\/categories?post=41249"},{"taxonomy":"post_tag","embeddable":true,"href":"https:\/\/www.sudoestehoje.com.br\/novoportal\/wp-json\/wp\/v2\/tags?post=41249"}],"curies":[{"name":"wp","href":"https:\/\/api.w.org\/{rel}","templated":true}]}}