
{"id":41234,"date":"2014-09-02T23:55:44","date_gmt":"2014-09-03T02:55:44","guid":{"rendered":"http:\/\/www.sudoestehoje.com.br\/novoportal\/?p=41234"},"modified":"2014-09-02T23:55:44","modified_gmt":"2014-09-03T02:55:44","slug":"visita-de-marina-a-conquista-e-adiada","status":"publish","type":"post","link":"https:\/\/www.sudoestehoje.com.br\/novoportal\/2014\/09\/02\/visita-de-marina-a-conquista-e-adiada\/","title":{"rendered":"VISITA DE MARINA A CONQUISTA \u00c9 ADIADA"},"content":{"rendered":"<p style=\"color: #000000;\"><a href=\"http:\/\/www.sudoestehoje.com.br\/novoportal\/wp-content\/uploads\/2014\/09\/marina-vem.jpg\"><img loading=\"lazy\" decoding=\"async\" class=\"aligncenter size-medium wp-image-41238\" src=\"http:\/\/www.sudoestehoje.com.br\/novoportal\/wp-content\/uploads\/2014\/09\/marina-vem-500x281.jpg\" alt=\"marina vem\" width=\"500\" height=\"281\" srcset=\"https:\/\/www.sudoestehoje.com.br\/novoportal\/wp-content\/uploads\/2014\/09\/marina-vem-500x281.jpg 500w, https:\/\/www.sudoestehoje.com.br\/novoportal\/wp-content\/uploads\/2014\/09\/marina-vem.jpg 597w\" sizes=\"auto, (max-width: 500px) 100vw, 500px\" \/><\/a><\/p>\n<p style=\"color: #000000;\">A visita da presidenci\u00e1vel Marina Silva (PSB) a Vit\u00f3ria da Conquista foi novamente adiada. A candidata, que estaria nas cidades de Brumado, Conquista e Fortaleza (CE) no pr\u00f3ximo s\u00e1bado (6), cortou a capital do sudoeste da sua agenda. A nova data foi remarcada para a pr\u00f3xima semana.<\/p>\n<p style=\"color: #000000;\">De acordo com o membro da executiva estadual do PSB, o conquistense Genivan Neri, Marina vir\u00e1 a Vit\u00f3ria da Conquista no dia 11 deste m\u00eas, uma quinta-feira. O socialista afirmou que a quantidade de atividade para o mesmo dia iria atrapalhar o intuito da visita a cidade. Resenha Geral<\/p>\n","protected":false},"excerpt":{"rendered":"<p>A visita da presidenci\u00e1vel Marina Silva (PSB) a Vit\u00f3ria da Conquista foi novamente adiada. A candidata, que estaria nas cidades de Brumado, Conquista e Fortaleza (CE) no pr\u00f3ximo s\u00e1bado (6), cortou a capital do sudoeste da sua agenda. A nova data foi remarcada para a pr\u00f3xima semana. De acordo com o membro da executiva estadual [&hellip;]<\/p>\n","protected":false},"author":2,"featured_media":0,"comment_status":"open","ping_status":"open","sticky":false,"template":"","format":"standard","meta":{"footnotes":"","_links_to":"","_links_to_target":""},"categories":[1],"tags":[],"class_list":["post-41234","post","type-post","status-publish","format-standard","hentry","category-geral"],"views":1128,"_links":{"self":[{"href":"https:\/\/www.sudoestehoje.com.br\/novoportal\/wp-json\/wp\/v2\/posts\/41234","targetHints":{"allow":["GET"]}}],"collection":[{"href":"https:\/\/www.sudoestehoje.com.br\/novoportal\/wp-json\/wp\/v2\/posts"}],"about":[{"href":"https:\/\/www.sudoestehoje.com.br\/novoportal\/wp-json\/wp\/v2\/types\/post"}],"author":[{"embeddable":true,"href":"https:\/\/www.sudoestehoje.com.br\/novoportal\/wp-json\/wp\/v2\/users\/2"}],"replies":[{"embeddable":true,"href":"https:\/\/www.sudoestehoje.com.br\/novoportal\/wp-json\/wp\/v2\/comments?post=41234"}],"version-history":[{"count":2,"href":"https:\/\/www.sudoestehoje.com.br\/novoportal\/wp-json\/wp\/v2\/posts\/41234\/revisions"}],"predecessor-version":[{"id":41239,"href":"https:\/\/www.sudoestehoje.com.br\/novoportal\/wp-json\/wp\/v2\/posts\/41234\/revisions\/41239"}],"wp:attachment":[{"href":"https:\/\/www.sudoestehoje.com.br\/novoportal\/wp-json\/wp\/v2\/media?parent=41234"}],"wp:term":[{"taxonomy":"category","embeddable":true,"href":"https:\/\/www.sudoestehoje.com.br\/novoportal\/wp-json\/wp\/v2\/categories?post=41234"},{"taxonomy":"post_tag","embeddable":true,"href":"https:\/\/www.sudoestehoje.com.br\/novoportal\/wp-json\/wp\/v2\/tags?post=41234"}],"curies":[{"name":"wp","href":"https:\/\/api.w.org\/{rel}","templated":true}]}}